{"id":509790,"date":"2025-11-03T22:33:12","date_gmt":"2025-11-03T22:33:12","guid":{"rendered":"https:\/\/www.europesays.com\/fr\/509790\/"},"modified":"2025-11-03T22:33:12","modified_gmt":"2025-11-03T22:33:12","slug":"sophie-dagon-ouvre-une-premiere-boutique-en-espagne","status":"publish","type":"post","link":"https:\/\/www.europesays.com\/fr\/509790\/","title":{"rendered":"Sophie d\u2019Agon ouvre une premi\u00e8re boutique en Espagne"},"content":{"rendered":"<p>\n                                        <b>Traduit par<\/b><br \/>\n                                        <br \/>Cl\u00e9mentine Martin\n                                    <\/p>\n<p>\n                                    <b>Publi\u00e9 le<\/b><br \/>\n                                    <\/p>\n<p>                                        3 novembre 2025<\/p>\n<p class=\"article-content col-md-8 offset-md-1\">\n                                La maison de joaillerie fran\u00e7aise Sophie d\u2019Agon lance son expansion en Espagne. La marque inaugure sa premi\u00e8re boutique propre \u00e0 Madrid, au sein de la Galer\u00eda Canalejas, l\u2019un des complexes de luxe embl\u00e9matiques de la capitale. Cette ouverture s\u2019inscrit dans le cadre du plan de d\u00e9veloppement international de la maison, qui vise \u00e0 faire rayonner son univers cr\u00e9atif sur de nouveaux march\u00e9s.<\/p>\n<p><img decoding=\"async\" class=\"news-image\" style=\"width:100%;\" src=\"https:\/\/www.europesays.com\/fr\/wp-content\/uploads\/2025\/11\/336b.jpg\" alt=\"Int\u00e9rieur de la nouvelle boutique de la maison fran\u00e7aise \u00e0 la Galer\u00eda Canalejas\" loading=\"lazy\"\/>Int\u00e9rieur de la nouvelle boutique de la maison fran\u00e7aise \u00e0 la Galer\u00eda Canalejas &#8211; Sophie d\u2019Agon<\/p>\n<p class=\"col-md-8 offset-md-1 article-content--texte\">\u00ab\u00a0Ouvrir la premi\u00e8re boutique Sophie d\u2019Agon en Espagne, et le faire dans un lieu aussi embl\u00e9matique que la Galer\u00eda Canalejas, est une \u00e9tape tr\u00e8s importante pour la maison. Je suis ravie de pouvoir faire d\u00e9couvrir l\u2019univers de nos bijoux, empreint de couleurs, de joie et de f\u00e9minit\u00e9, \u00e0 Madrid\u00a0\u00bb, a d\u00e9clar\u00e9 Sophie Lepourry, la directrice g\u00e9n\u00e9rale de la marque.<\/p>\n<p>La boutique, situ\u00e9e au premier \u00e9tage de l\u2019espace commercial, s\u2019\u00e9tend sur 70 m\u00e8tres carr\u00e9s et a \u00e9t\u00e9 con\u00e7ue dans un esprit fid\u00e8le \u00e0 l\u2019univers esth\u00e9tique de la maison: \u00e9l\u00e9gance discr\u00e8te, sensibilit\u00e9 artistique et approche durable alliant design contemporain et artisanat. La d\u00e9coration fait appel \u00e0 des mat\u00e9riaux r\u00e9employ\u00e9s tels que le bois noble, le m\u00e9tal, le verre et les miroirs, en coh\u00e9rence avec l\u2019engagement responsable de la marque.<\/p>\n<p class=\"col-md-8 offset-md-1 article-content--texte\">La palette chromatique associe le blanc cass\u00e9, un vert for\u00eat profond et des accents dor\u00e9s, pour une atmosph\u00e8re lumineuse rythm\u00e9e par des vitrines verticales et horizontales, et comprend \u00e9galement un espace d\u2019accueil articul\u00e9 autour d\u2019un \u00e9l\u00e9gant bureau. Par ce design minimaliste et sophistiqu\u00e9, la maison entend offrir une exp\u00e9rience d\u2019achat optimale \u00e0 ses clients.<\/p>\n<p>Avec cette nouvelle ouverture, la maison compte d\u00e9sormais trois boutiques en propre: ses adresses parisiennes du 62, rue de Saintonge et du 66, rue de Grenelle, ainsi que celle de Madrid. La marque est \u00e9galement pr\u00e9sente dans de nombreux points de vente multimarques en France, ainsi qu\u2019en Belgique, au Royaume-Uni, en Gr\u00e8ce, en Suisse et \u00e0 Monaco.<\/p>\n<p>Fond\u00e9e en 2017, Sophie d\u2019Agon fabrique ses bijoux au Portugal et \u00e0 Biarritz, \u00e0 partir d\u2019or 18 carats recycl\u00e9 et de pierres pr\u00e9cieuses soigneusement s\u00e9lectionn\u00e9es, dont des diamants naturels certifi\u00e9s \u00ab\u00a0sans conflit\u00a0\u00bb.\n                            <\/p>\n<p>\n                                Cet article est une traduction automatique.\n                            <\/p>\n<p>\n                                Tous droits de reproduction et de repr\u00e9sentation r\u00e9serv\u00e9s.<br \/>\u00a9 2025 FashionNetwork.com\n                            <\/p>\n","protected":false},"excerpt":{"rendered":"Traduit par Cl\u00e9mentine Martin Publi\u00e9 le 3 novembre 2025 La maison de joaillerie fran\u00e7aise Sophie d\u2019Agon lance son&hellip;\n","protected":false},"author":2,"featured_media":509791,"comment_status":"","ping_status":"","sticky":false,"template":"","format":"standard","meta":{"footnotes":""},"categories":[1888],"tags":[11,2424,537,2423,1777,674,1011,27,2425,985,12,2298,626,2426,2427,25,2421,2422],"class_list":{"0":"post-509790","1":"post","2":"type-post","3":"status-publish","4":"format-standard","5":"has-post-thumbnail","7":"category-paris","8":"tag-actualites","9":"tag-beaute","10":"tag-contact","11":"tag-cosmetiques","12":"tag-eu","13":"tag-europe","14":"tag-fr","15":"tag-france","16":"tag-luxe","17":"tag-mode","18":"tag-news","19":"tag-parfum","20":"tag-paris","21":"tag-professionnel","22":"tag-professionnels","23":"tag-republique-francaise","24":"tag-reseau","25":"tag-textile"},"share_on_mastodon":{"url":"https:\/\/pubeurope.com\/@fr\/115488149648809375","error":""},"_links":{"self":[{"href":"https:\/\/www.europesays.com\/fr\/wp-json\/wp\/v2\/posts\/509790","targetHints":{"allow":["GET"]}}],"collection":[{"href":"https:\/\/www.europesays.com\/fr\/wp-json\/wp\/v2\/posts"}],"about":[{"href":"https:\/\/www.europesays.com\/fr\/wp-json\/wp\/v2\/types\/post"}],"author":[{"embeddable":true,"href":"https:\/\/www.europesays.com\/fr\/wp-json\/wp\/v2\/users\/2"}],"replies":[{"embeddable":true,"href":"https:\/\/www.europesays.com\/fr\/wp-json\/wp\/v2\/comments?post=509790"}],"version-history":[{"count":0,"href":"https:\/\/www.europesays.com\/fr\/wp-json\/wp\/v2\/posts\/509790\/revisions"}],"wp:featuredmedia":[{"embeddable":true,"href":"https:\/\/www.europesays.com\/fr\/wp-json\/wp\/v2\/media\/509791"}],"wp:attachment":[{"href":"https:\/\/www.europesays.com\/fr\/wp-json\/wp\/v2\/media?parent=509790"}],"wp:term":[{"taxonomy":"category","embeddable":true,"href":"https:\/\/www.europesays.com\/fr\/wp-json\/wp\/v2\/categories?post=509790"},{"taxonomy":"post_tag","embeddable":true,"href":"https:\/\/www.europesays.com\/fr\/wp-json\/wp\/v2\/tags?post=509790"}],"curies":[{"name":"wp","href":"https:\/\/api.w.org\/{rel}","templated":true}]}}