{"id":509792,"date":"2025-11-03T22:34:11","date_gmt":"2025-11-03T22:34:11","guid":{"rendered":"https:\/\/www.europesays.com\/fr\/509792\/"},"modified":"2025-11-03T22:34:11","modified_gmt":"2025-11-03T22:34:11","slug":"8-personnes-dont-3-militaires-places-en-garde-a-vue-apres-lagression-de-2-policiers-en-civil-dans-le-parc-de-la-villette","status":"publish","type":"post","link":"https:\/\/www.europesays.com\/fr\/509792\/","title":{"rendered":"8 personnes dont 3 militaires plac\u00e9s en garde \u00e0 vue apr\u00e8s l\u2019agression de 2 policiers en civil dans le parc de la Villette"},"content":{"rendered":"<p>\n    Affect\u00e9s au commissariat de Pantin, les deux fonctionnaires de police faisaient leur footing, dimanche en fin de matin\u00e9e, lorsqu\u2019ils ont \u00e9t\u00e9 pris \u00e0 partie par un groupe d\u2019individus alcoolis\u00e9s.<\/p>\n<p class=\"fig-paragraph\">Une\u00a0<a href=\"http:\/\/www.lefigaro.fr\/actualite-france\/insultes-violentes-lynches-le-grand-malaise-des-policiers-confrontes-a-la-violence-antiflics-20251103\" data-fig-type=\"Article\" data-gtm-custom-categorie=\"navigation\" data-gtm-custom-action=\"crossclick\" data-gtm-custom-label=\"Contextuel\" data-gtm-event=\"customEventSPE\" data-fig-domain=\"LEFIGARO\" target=\"_blank\" rel=\"noopener\">agression<\/a>\u00a0gratuite et brutale. C\u2019est ainsi que l\u2019on pourrait qualifier les violences qu\u2019ont subies deux policiers affect\u00e9s au commissariat de Pantin (<a href=\"http:\/\/www.lefigaro.fr\/flash-actu\/seine-saint-denis-enquete-ouverte-apres-un-meurtre-probablement-lie-au-trafic-de-drogues-a-bobigny-20251103\" data-fig-type=\"NewsFlash\" data-gtm-custom-categorie=\"navigation\" data-gtm-custom-action=\"crossclick\" data-gtm-custom-label=\"Contextuel\" data-gtm-event=\"customEventSPE\" data-fig-domain=\"LEFIGARO\" target=\"_blank\" rel=\"noopener\">Seine-Saint-Denis<\/a>), dimanche matin dans le parc de la Villette. Alors qu\u2019ils \u00e9taient en \u00absport op\u00e9rationnel\u00bb dans le XIXe arrondissement parisien afin de maintenir leur condition physique, ils ont \u00e9t\u00e9 pris \u00e0 partie par un groupe d\u2019une dizaine d\u2019individus alcoolis\u00e9s pr\u00eat \u00e0 en d\u00e9coudre peu apr\u00e8s 11h.<\/p>\n<p class=\"fig-paragraph\">\u00abL\u2019une des victimes a alors appel\u00e9 les renforts, indiquant avoir \u00e9t\u00e9 agress\u00e9e par une dizaine de personnes, et l\u2019arriv\u00e9e concomitante de nombreux \u00e9quipages a permis l\u2019interpellation de l\u2019ensemble du groupe\u00bb, pr\u00e9cise le parquet de Paris, contact\u00e9 par Le Figaro. Huit personnes ont finalement \u00e9t\u00e9 plac\u00e9es en garde \u00e0 vue dans la foul\u00e9e tandis que les policiers victimes ont \u00e9t\u00e9 conduits \u00e0 l\u2019h\u00f4pital, dont ils sont ressortis dans l\u2019apr\u00e8s-midi.<\/p>\n<p>                                    <a class=\"fig-a11y-skip a11y-hidden\" href=\"#fig-a11y-skip-main-inarticle\"><br \/>\n        Passer la publicit\u00e9<br \/>\n    <\/a><\/p>\n<p>\u00abTrois d\u2019entre eux sont militaires\u00bb<\/p>\n<p class=\"fig-paragraph\">\u00abL\u2019un souffre d\u2019une contusion au tibia p\u00e9ron\u00e9, sans pr\u00e9cision, l\u2019autre de douleurs \u00e0 la cheville et aux cervicales\u00bb, \u00e9voque le parquet. \u00abLes mis en cause, quasiment tous inconnus de la justice, sortaient d\u2019une soir\u00e9e kanak. Trois d\u2019entre eux sont militaires. Leur niveau d\u2019alcoolisation n\u2019a pas permis de les entendre avant mardi matin. Ils n\u2019ont depuis exprim\u00e9 aucune explication particuli\u00e8re \u00e0 ce passage \u00e0 l\u2019acte\u00bb, ajoute cette m\u00eame source.<\/p>\n<p class=\"fig-paragraph\">Selon\u00a0<a href=\"https:\/\/www.europe1.fr\/Police-Justice\/paris-deux-policiers-qui-faisaient-leur-jogging-agresses-par-des-militaires-869798\" target=\"_blank\" rel=\"sponsored noopener\" data-gtm-custom-categorie=\"navigation\" data-gtm-custom-action=\"crossclick\" data-gtm-custom-label=\"Contextuel\" data-gtm-event=\"customEventSPE\">Europe 1<\/a>, l\u2019un d\u2019entre eux serait m\u00eame en poste, affect\u00e9 au sein de la force Sentinelle. De nouvelles avanc\u00e9es sont attendues ce mardi. \u00c0 noter que les deux policiers n\u2019auraient pas \u00e9t\u00e9 cibl\u00e9s en raison de leur qualit\u00e9, dont ils n\u2019ont pas fait \u00e9tat au moment des faits. Les mises en cause auraient d\u2019ailleurs agress\u00e9 d\u2019autres sportifs de passage sans raison.<\/p>\n","protected":false},"excerpt":{"rendered":"Affect\u00e9s au commissariat de Pantin, les deux fonctionnaires de police faisaient leur footing, dimanche en fin de matin\u00e9e,&hellip;\n","protected":false},"author":2,"featured_media":509793,"comment_status":"","ping_status":"","sticky":false,"template":"","format":"standard","meta":{"footnotes":""},"categories":[1888],"tags":[11,1120,1777,674,1011,27,5281,12,626,6890,25],"class_list":{"0":"post-509792","1":"post","2":"type-post","3":"status-publish","4":"format-standard","5":"has-post-thumbnail","7":"category-paris","8":"tag-actualites","9":"tag-agression","10":"tag-eu","11":"tag-europe","12":"tag-fr","13":"tag-france","14":"tag-la-villette","15":"tag-news","16":"tag-paris","17":"tag-policiers","18":"tag-republique-francaise"},"share_on_mastodon":{"url":"https:\/\/pubeurope.com\/@fr\/115488153279502795","error":""},"_links":{"self":[{"href":"https:\/\/www.europesays.com\/fr\/wp-json\/wp\/v2\/posts\/509792","targetHints":{"allow":["GET"]}}],"collection":[{"href":"https:\/\/www.europesays.com\/fr\/wp-json\/wp\/v2\/posts"}],"about":[{"href":"https:\/\/www.europesays.com\/fr\/wp-json\/wp\/v2\/types\/post"}],"author":[{"embeddable":true,"href":"https:\/\/www.europesays.com\/fr\/wp-json\/wp\/v2\/users\/2"}],"replies":[{"embeddable":true,"href":"https:\/\/www.europesays.com\/fr\/wp-json\/wp\/v2\/comments?post=509792"}],"version-history":[{"count":0,"href":"https:\/\/www.europesays.com\/fr\/wp-json\/wp\/v2\/posts\/509792\/revisions"}],"wp:featuredmedia":[{"embeddable":true,"href":"https:\/\/www.europesays.com\/fr\/wp-json\/wp\/v2\/media\/509793"}],"wp:attachment":[{"href":"https:\/\/www.europesays.com\/fr\/wp-json\/wp\/v2\/media?parent=509792"}],"wp:term":[{"taxonomy":"category","embeddable":true,"href":"https:\/\/www.europesays.com\/fr\/wp-json\/wp\/v2\/categories?post=509792"},{"taxonomy":"post_tag","embeddable":true,"href":"https:\/\/www.europesays.com\/fr\/wp-json\/wp\/v2\/tags?post=509792"}],"curies":[{"name":"wp","href":"https:\/\/api.w.org\/{rel}","templated":true}]}}