{"id":509798,"date":"2025-11-03T22:37:20","date_gmt":"2025-11-03T22:37:20","guid":{"rendered":"https:\/\/www.europesays.com\/fr\/509798\/"},"modified":"2025-11-03T22:37:20","modified_gmt":"2025-11-03T22:37:20","slug":"aux-etats-unis-les-violences-contre-des-elus-et-personnalites-politiques-ont-bondi-de-25-en-deux-ans","status":"publish","type":"post","link":"https:\/\/www.europesays.com\/fr\/509798\/","title":{"rendered":"Aux \u00c9tats-Unis, les violences contre des \u00e9lus et personnalit\u00e9s politiques ont bondi de 25 % en deux ans"},"content":{"rendered":"<p>      lire plus tard<\/p>\n<p id=\"dialog__title\" class=\"dialog__title\">Pour sauvegarder cet article, connectez-vous ou cr\u00e9ez un compte franceinfo<\/p>\n<p class=\"dialog__description\">Sans paiement. Sans abonnement.<\/p>\n<p>        Fermer la fen\u00eatre d\u2019activation des notifications France Info<\/p>\n<p>      cr\u00e9er votre compte<\/p>\n<p>      se connecter<\/p>\n<p>        Fermer la fen\u00eatre de pr\u00e9sentation<\/p>\n<p>    Publi\u00e9 le 03\/11\/2025 23:31<\/p>\n<p>      Mis \u00e0 jour le 03\/11\/2025 23:31<\/p>\n<p>        Temps de lecture : 3min &#8211; vid\u00e9o : 3min<\/p>\n<p>    <img decoding=\"async\" class=\"francetv-player-wrapper__image\" alt=\"Aux \u00c9tats-Unis, les violences contre des \u00e9lus et personnalit\u00e9s politiques ont bondi de 25 % en deux ans\"  width=\"432\" height=\"243\" src=\"https:\/\/www.europesays.com\/fr\/wp-content\/uploads\/2025\/11\/violences-politiques-69092ce6e3033861309925.jpg\" fetchpriority=\"high\"\/><\/p>\n<p>              Aux \u00c9tats-Unis, les violences contre des \u00e9lus et personnalit\u00e9s politiques ont bondi de 25 % en deux ans<br \/>\n                    (France 2)<\/p>\n<p>      3min<\/p>\n<p>\n  Depuis le retour de Donald Trump en politique, le d\u00e9bat public est plus violent que jamais aux \u00c9tats-Unis. Menaces d&rsquo;\u00e9lus, intimidations, les actes de violence politique ont augment\u00e9 de 25 % en deux ans chez les parlementaires. Tous les camps sont vis\u00e9s.\n<\/p>\n<p><strong>Ce texte correspond \u00e0 une partie de la retranscription du reportage ci-dessus. Cliquez sur la vid\u00e9o pour la regarder en int\u00e9gralit\u00e9.<\/strong><\/p>\n<p>Des dizaines de policiers et des membres du Secret Service sont pr\u00e9sents sur un campus du Mississippi. Ils encadrent les 10 000 participants d&rsquo;un rassemblement politique. D\u00e9tecteurs de m\u00e9taux, contr\u00f4le des identit\u00e9s, un dispositif de s\u00e9curit\u00e9 exceptionnel devenu n\u00e9cessaire pour les conservateurs de Turning Point USA. Leur chef de file, <a href=\"https:\/\/www.franceinfo.fr\/monde\/usa\/assassinat-de-charlie-kirk\/assassinat-de-charlie-kirk-donald-trump-decore-a-titre-posthume-l-influenceur-ultra-conservateur_7553680.html\" data-tooltip-url=\"https:\/\/www.franceinfo.fr\/monde\/usa\/assassinat-de-charlie-kirk\/assassinat-de-charlie-kirk-donald-trump-decore-a-titre-posthume-l-influenceur-ultra-conservateur_7553680.html\" rel=\"nofollow noopener\" target=\"_blank\">Charlie Kirk<\/a>, a \u00e9t\u00e9 assassin\u00e9 il y a huit semaines lors d&rsquo;un rassemblement similaire.<\/p>\n<p>\u00ab\u00a0Je trouve cela triste qu&rsquo;on en soit arriv\u00e9 l\u00e0 et que les gens aient peur qu&rsquo;il y ait un incident. Mais je ne pense pas qu&rsquo;il faille se censurer. On ne doit pas avoir peur de s&rsquo;exprimer\u00a0\u00bb, jugent deux militantes. \u00c0 l&rsquo;entr\u00e9e du stade, comme un hommage \u00e0 la m\u00e9moire de l&rsquo;influenceur, un si\u00e8ge vide et le m\u00eame t-shirt que celui qu&rsquo;il portait le jour de son assassinat, sont expos\u00e9s. Une figure est \u00e9galement tr\u00e8s attendue ; sa veuve Erika Kirk. C&rsquo;est elle qui reprend le flambeau. Elle appelle ses militants \u00e0 oser s&rsquo;exprimer, malgr\u00e9 les risques. \u00ab\u00a0N&rsquo;ayez pas peur. C&rsquo;est si facile d&rsquo;avoir peur. Je ne vois pas ce qu&rsquo;il vous faut de plus pour r\u00e9veiller ce feu en vous et vous engager\u00a0\u00bb, d\u00e9clare-t-elle.<\/p>\n<p>Pour de jeunes conservateurs, seul le dialogue entre partis peut mettre un terme \u00e0 la violence : \u00ab\u00a0Nous devons r\u00e9ussir \u00e0 nous parler. Les guerres civiles commencent quand les gens ne se parlent plus\u00a0\u00bb, assure un jeune homme, une casquette \u00ab\u00a0Make America Great Again\u00a0\u00bb sur la t\u00eate.<\/p>\n<p>Des attaques et des menaces politiques se multiplient, avec une augmentation de 25 % en deux ans, rien qu&rsquo;envers les membres du Congr\u00e8s. Parmi les incidents marquants, une tentative d&rsquo;assassinat contre Donald Trump, encore candidat. Les images du futur pr\u00e9sident bless\u00e9 \u00e0 l&rsquo;oreille ont marqu\u00e9 l&rsquo;Am\u00e9rique. La violence frappe, tant du c\u00f4t\u00e9 r\u00e9publicain que d\u00e9mocrate. En juin dernier, une d\u00e9put\u00e9e du Minnesota et son mari ont \u00e9t\u00e9 tu\u00e9s chez eux par un homme grim\u00e9 en policier. Dans sa voiture, les enqu\u00eateurs retrouvent une liste avec les noms de dizaines d&rsquo;autres \u00e9lus d\u00e9mocrates.<\/p>\n<p>Dans tout le pays, ils sont nombreux \u00e0 vivre dans la peur, comme Suhas Subramanyam, un d\u00e9put\u00e9 de l&rsquo;\u00c9tat de Virginie. Il y a deux mois, un habitant lui envoie ce mail de menace : \u00ab\u00a0Je vais venir dans vos locaux avec un fusil d&rsquo;assaut et je vous laisse imaginer la suite.\u00a0\u00bb Il a plac\u00e9 son domicile sous surveillance, ne se rend \u00e0 aucun \u00e9v\u00e9nement public sans deux gardes du corps, mais il refuse de quitter la vie politique. \u00ab\u00a0Je vais continuer \u00e0 parler des sujets qui me tiennent \u00e0 c\u0153ur, m\u00eame ceux qui peuvent d\u00e9plaire \u00e0 certaines personnes. Je ne vais pas me censurer \u00e0 cause de ces menaces\u00a0\u00bb, indique-t-il.<\/p>\n<p>Il nous confiera pourtant une crainte : de moins en moins d&rsquo;Am\u00e9ricains s&rsquo;engagent en politique. Selon plusieurs \u00e9tudes, pr\u00e8s de deux \u00e9lus locaux sur cinq ne souhaiteraient pas se repr\u00e9senter, par peur pour leur s\u00e9curit\u00e9.<\/p>\n","protected":false},"excerpt":{"rendered":"lire plus tard Pour sauvegarder cet article, connectez-vous ou cr\u00e9ez un compte franceinfo Sans paiement. Sans abonnement. Fermer&hellip;\n","protected":false},"author":2,"featured_media":509799,"comment_status":"","ping_status":"","sticky":false,"template":"","format":"standard","meta":{"footnotes":""},"categories":[1589],"tags":[11,73,1866,12,1864,1865,1863,308],"class_list":{"0":"post-509798","1":"post","2":"type-post","3":"status-publish","4":"format-standard","5":"has-post-thumbnail","7":"category-etats-unis","8":"tag-actualites","9":"tag-etats-unis","10":"tag-etats-unis-damerique","11":"tag-news","12":"tag-united-states","13":"tag-united-states-of-america","14":"tag-us","15":"tag-usa"},"share_on_mastodon":{"url":"https:\/\/pubeurope.com\/@fr\/115488165397091869","error":""},"_links":{"self":[{"href":"https:\/\/www.europesays.com\/fr\/wp-json\/wp\/v2\/posts\/509798","targetHints":{"allow":["GET"]}}],"collection":[{"href":"https:\/\/www.europesays.com\/fr\/wp-json\/wp\/v2\/posts"}],"about":[{"href":"https:\/\/www.europesays.com\/fr\/wp-json\/wp\/v2\/types\/post"}],"author":[{"embeddable":true,"href":"https:\/\/www.europesays.com\/fr\/wp-json\/wp\/v2\/users\/2"}],"replies":[{"embeddable":true,"href":"https:\/\/www.europesays.com\/fr\/wp-json\/wp\/v2\/comments?post=509798"}],"version-history":[{"count":0,"href":"https:\/\/www.europesays.com\/fr\/wp-json\/wp\/v2\/posts\/509798\/revisions"}],"wp:featuredmedia":[{"embeddable":true,"href":"https:\/\/www.europesays.com\/fr\/wp-json\/wp\/v2\/media\/509799"}],"wp:attachment":[{"href":"https:\/\/www.europesays.com\/fr\/wp-json\/wp\/v2\/media?parent=509798"}],"wp:term":[{"taxonomy":"category","embeddable":true,"href":"https:\/\/www.europesays.com\/fr\/wp-json\/wp\/v2\/categories?post=509798"},{"taxonomy":"post_tag","embeddable":true,"href":"https:\/\/www.europesays.com\/fr\/wp-json\/wp\/v2\/tags?post=509798"}],"curies":[{"name":"wp","href":"https:\/\/api.w.org\/{rel}","templated":true}]}}