{"id":509800,"date":"2025-11-03T22:38:21","date_gmt":"2025-11-03T22:38:21","guid":{"rendered":"https:\/\/www.europesays.com\/fr\/509800\/"},"modified":"2025-11-03T22:38:21","modified_gmt":"2025-11-03T22:38:21","slug":"inculpe-pour-tentatives-de-meurtre-lassaillant-du-train-egalement-soupconne-dautres-agressions","status":"publish","type":"post","link":"https:\/\/www.europesays.com\/fr\/509800\/","title":{"rendered":"inculp\u00e9 pour tentatives de meurtre, l\u2019assaillant du train \u00e9galement soup\u00e7onn\u00e9 d\u2019autres agressions"},"content":{"rendered":"<p class=\"fs-5 \">L\u2019homme au c\u0153ur de l\u2019attaque du train a \u00e9t\u00e9 identifi\u00e9\u00a0: il s\u2019agit d\u2019<strong>Anthony Williams<\/strong>, un Britannique de <strong>32 ans<\/strong>. Il a \u00e9t\u00e9 <strong>inculp\u00e9 lundi pour tentatives de meurtre contre dix personnes<\/strong> dans le train, ainsi que pour une <strong>attaque au couteau samedi matin t\u00f4t dans une station de m\u00e9tro dans l\u2019est de Londres<\/strong>.<\/p>\n<p class=\"fs-5 \">Anthony Williams a \u00e9t\u00e9 <strong>plac\u00e9 en d\u00e9tention provisoire lundi<\/strong> par le tribunal de Peterborough, devant lequel il a bri\u00e8vement comparu.<\/p>\n<p class=\"fs-5 \">L\u2019attaque dans le train s\u2019est d\u00e9roul\u00e9e samedi soir. Anthony Williams est mont\u00e9 vers <strong>19H30<\/strong> (locales et GMT) dans le train parti de Doncaster (nord) vers la gare londonienne de King\u2019s Cross, \u00e0 la station de <strong>Peterborough<\/strong>. Le conducteur a chang\u00e9 d\u2019itin\u00e9raire pour permettre \u00e0 la police et aux secours d\u2019intervenir en gare de <strong>Huntingdon<\/strong>, pr\u00e8s de Cambridge.<\/p>\n<p>                                                                                Le courage d\u2019un \u00ab\u00a0h\u00e9ros\u00a0\u00bb et le r\u00e9cit des victimes<\/p>\n<p class=\"fs-5 \">Cinq des dix personnes bless\u00e9es dans le train sont <strong>toujours hospitalis\u00e9es<\/strong>. Parmi elles, un <strong>employ\u00e9 de la compagnie ferroviaire LNER<\/strong> qui a essay\u00e9 d\u2019arr\u00eater l\u2019assaillant et que la ministre des Transports, <strong>Heidi Alexander<\/strong>, a qualifi\u00e9 de \u00ab\u00a0<strong>h\u00e9ros<\/strong>\u00a0\u00bb. Elle a salu\u00e9 sur Sky News son action et son courage, indiquant que son \u00e9tat est toujours \u00ab\u00a0<strong>critique<\/strong>\u00a0\u00bb mais \u00ab\u00a0<strong>stable<\/strong>\u00a0\u00bb.<\/p>\n<p class=\"fs-5 \">Un des bless\u00e9s, <strong>Stephen Crean<\/strong>, a racont\u00e9 \u00e0 l\u2019agence britannique PA avoir d\u2019abord vu une jeune fille courir dans le train en criant\u00a0: \u00ab\u00a0<strong>Il y a un homme avec un grand couteau<\/strong>\u00a0\u00bb. Face \u00e0 l\u2019agresseur, \u00ab\u00a0<strong>il n\u2019y avait nulle part o\u00f9 aller<\/strong>\u00a0\u00bb, a-t-il dit. L\u2019agresseur lui a demand\u00e9 deux fois\u00a0: \u00ab\u00a0<strong>Tu veux mourir\u00a0?<\/strong>\u00a0\u00bb. Stephen Crean, qui a essay\u00e9 de le repousser, a senti le couteau entrer dans son bras avant d\u2019\u00eatre touch\u00e9 \u00e0 plusieurs autres endroits du corps. Il a confi\u00e9\u00a0: \u00ab\u00a0<strong>Je vais avoir besoin de chirurgie plastique. (&#8230;) Je ne sais pas combien de temps cela va prendre<\/strong>\u00a0\u00bb.<\/p>\n<p class=\"fs-5 \">Il s\u2019est \u00e9coul\u00e9 <strong>huit minutes<\/strong> entre le moment o\u00f9 le signal d\u2019alarme a \u00e9t\u00e9 tir\u00e9 dans le train et l\u2019arrestation du suspect.<\/p>\n<p>            <img src=\"https:\/\/www.europesays.com\/fr\/wp-content\/uploads\/2025\/11\/1762209501_753_b437462_ftp-import-images-1-84m3tihvbwnk-82251935.jpg\"   loading=\"lazy\" decoding=\"async\" alt=\"Des enqu\u00eateurs de la police scientifique \u00e0 la gare de Huntingdon, dans le Cambridgeshire, apr\u00e8s une attaque au couteau survenue \u00e0 bord d\u2019un train samedi. Deux personnes ont \u00e9t\u00e9 arr\u00eat\u00e9es, selon la police des transports britanniques.\" class=\"img-fluid position-absolute w-100 object-fit-cover rounded-2\" width=\"600\" height=\"400\"\/><\/p>\n<p>                                                                                La police embarrass\u00e9e par les pr\u00e9c\u00e9dents incidents<\/p>\n<p class=\"fs-5 \">Le profil d\u2019Anthony Williams soul\u00e8ve des questions sur le traitement des alertes par les forces de l\u2019ordre. La police du Cambridgeshire a indiqu\u00e9 lundi qu\u2019Anthony Williams \u00ab\u00a0<strong>pourrait \u00eatre li\u00e9<\/strong>\u00a0\u00bb \u00e0 l\u2019<strong>agression \u00e0 l\u2019arme blanche d\u2019un adolescent de 14 ans vendredi soir<\/strong> dans le centre de Peterborough. L\u2019adolescent a \u00e9t\u00e9 bri\u00e8vement hospitalis\u00e9 pour des \u00ab\u00a0<strong>blessures l\u00e9g\u00e8res<\/strong>\u00a0\u00bb.<\/p>\n<p class=\"fs-5 \">De plus, la police soup\u00e7onne Anthony Williams de s\u2019\u00eatre rendu <strong>chez un barbier de la ville avec un couteau quinze minutes plus tard<\/strong>, un incident signal\u00e9 vers <strong>21H10<\/strong>. Il serait ensuite revenu chez ce barbier samedi matin. Or, \u00ab\u00a0<strong>Apr\u00e8s avoir fouill\u00e9 la zone, les agents n\u2019ont pas pu localiser ou identifier l\u2019homme<\/strong>\u00a0\u00bb, a indiqu\u00e9 la police. La <strong>police des polices<\/strong> va examiner son traitement de ces affaires.<\/p>\n<p class=\"fs-5 \">La ministre des Transports a affirm\u00e9 que le suspect n\u2019\u00e9tait \u00ab\u00a0<strong>pas connu des services de police antiterroriste, des services de s\u00e9curit\u00e9<\/strong>\u00a0\u00bb ou du programme britannique de pr\u00e9vention de la radicalisation. Elle n\u2019a pas \u00e9t\u00e9 en mesure de dire en revanche s\u2019il \u00e9tait connu des services psychiatriques.<\/p>\n<p class=\"fs-5 \">Le responsable de la police des transports, John Loveless, avait indiqu\u00e9 que les services antiterroristes collaborent \u00e0 l\u2019enqu\u00eate, mais qu\u2019\u00ab\u00a0<strong>\u00e0 ce stade, rien ne sugg\u00e8re qu\u2019il s\u2019agit d\u2019un incident terroriste<\/strong>\u00a0\u00bb.<\/p>\n<p>                                                                                Un contexte de \u00ab\u00a0crise nationale\u00a0\u00bb face aux armes blanches<\/p>\n<p class=\"fs-5 \">D\u00e8s dimanche, la police a indiqu\u00e9 sans donner son nom qu\u2019Anthony Williams \u00e9tait un homme noir britannique, afin d\u2019\u00e9viter la propagation de rumeurs et de fausses informations.<\/p>\n<p class=\"fs-5 \">Dans le contexte des violences \u00e0 l\u2019arme blanche en forte hausse depuis 15 ans, une <strong>forte pr\u00e9sence polici\u00e8re<\/strong> a \u00e9t\u00e9 d\u00e9ploy\u00e9e dans les gares du pays et sera maintenue. La ministre des Transports a \u00e9galement promis de <strong>r\u00e9\u00e9valuer les mesures de s\u00e9curit\u00e9<\/strong> en vigueur.<\/p>\n","protected":false},"excerpt":{"rendered":"L\u2019homme au c\u0153ur de l\u2019attaque du train a \u00e9t\u00e9 identifi\u00e9\u00a0: il s\u2019agit d\u2019Anthony Williams, un Britannique de 32&hellip;\n","protected":false},"author":2,"featured_media":509801,"comment_status":"","ping_status":"","sticky":false,"template":"","format":"standard","meta":{"footnotes":""},"categories":[1588],"tags":[11,1777,674,12,473,1853,1851,1850,1852],"class_list":{"0":"post-509800","1":"post","2":"type-post","3":"status-publish","4":"format-standard","5":"has-post-thumbnail","7":"category-royaume-uni","8":"tag-actualites","9":"tag-eu","10":"tag-europe","11":"tag-news","12":"tag-royaume-uni","13":"tag-royaume-uni-de-grande-bretagne-et-dirlande-du-nord","14":"tag-uk","15":"tag-united-kingdom","16":"tag-united-kingdom-of-great-britain-and-northern-ireland"},"share_on_mastodon":{"url":"https:\/\/pubeurope.com\/@fr\/115488168838005978","error":""},"_links":{"self":[{"href":"https:\/\/www.europesays.com\/fr\/wp-json\/wp\/v2\/posts\/509800","targetHints":{"allow":["GET"]}}],"collection":[{"href":"https:\/\/www.europesays.com\/fr\/wp-json\/wp\/v2\/posts"}],"about":[{"href":"https:\/\/www.europesays.com\/fr\/wp-json\/wp\/v2\/types\/post"}],"author":[{"embeddable":true,"href":"https:\/\/www.europesays.com\/fr\/wp-json\/wp\/v2\/users\/2"}],"replies":[{"embeddable":true,"href":"https:\/\/www.europesays.com\/fr\/wp-json\/wp\/v2\/comments?post=509800"}],"version-history":[{"count":0,"href":"https:\/\/www.europesays.com\/fr\/wp-json\/wp\/v2\/posts\/509800\/revisions"}],"wp:featuredmedia":[{"embeddable":true,"href":"https:\/\/www.europesays.com\/fr\/wp-json\/wp\/v2\/media\/509801"}],"wp:attachment":[{"href":"https:\/\/www.europesays.com\/fr\/wp-json\/wp\/v2\/media?parent=509800"}],"wp:term":[{"taxonomy":"category","embeddable":true,"href":"https:\/\/www.europesays.com\/fr\/wp-json\/wp\/v2\/categories?post=509800"},{"taxonomy":"post_tag","embeddable":true,"href":"https:\/\/www.europesays.com\/fr\/wp-json\/wp\/v2\/tags?post=509800"}],"curies":[{"name":"wp","href":"https:\/\/api.w.org\/{rel}","templated":true}]}}