{"id":509805,"date":"2025-11-03T22:41:13","date_gmt":"2025-11-03T22:41:13","guid":{"rendered":"https:\/\/www.europesays.com\/fr\/509805\/"},"modified":"2025-11-03T22:41:13","modified_gmt":"2025-11-03T22:41:13","slug":"lue-alloue-215-millions-deuros-daide-humanitaire-au-venezuela-a-haiti-et-aux-caraibes","status":"publish","type":"post","link":"https:\/\/www.europesays.com\/fr\/509805\/","title":{"rendered":"L&rsquo;UE alloue 21,5 millions d&rsquo;euros d&rsquo;aide humanitaire au Venezuela, \u00e0 Ha\u00efti et aux Cara\u00efbes"},"content":{"rendered":"<p class=\"mb-4 text-lg md:leading-8 break-words\">L&rsquo;Union europ\u00e9enne a annonc\u00e9 le <strong>d\u00e9boursement de 21,5 millions d&rsquo;euros d&rsquo;aide humanitaire<\/strong> pour r\u00e9pondre aux crises au Venezuela et en Ha\u00efti et pour soutenir les <a href=\"https:\/\/fr.news.yahoo.com\/apr%C3%A8s-passage-louragan-melissa-cara%C3%AFbes-134447887.html\" data-ylk=\"slk:pays des Cara\u00efbes touch\u00e9s par l&#039;ouragan Melissa;elm:context_link;itc:0;sec:content-canvas;outcm:mb_qualified_link;_E:mb_qualified_link;ct:story;\" class=\"link  yahoo-link\" target=\"_blank\" rel=\"noopener\">pays des Cara\u00efbes touch\u00e9s par l&rsquo;ouragan Melissa<\/a>, qui a laiss\u00e9 des d\u00e9g\u00e2ts consid\u00e9rables dans la r\u00e9gion.<\/p>\n<p class=\"mb-4 text-lg md:leading-8 break-words\">Ces financements visent \u00e0 renforcer l&rsquo;aide humanitaire dans les zones les plus durement touch\u00e9es, par l&rsquo;interm\u00e9diaire de partenaires sur le terrain, en fournissant de la nourriture, des soins m\u00e9dicaux, une protection et une aide d&rsquo;urgence, a annonc\u00e9 la Commission europ\u00e9enne <a href=\"https:\/\/civil-protection-humanitarian-aid.ec.europa.eu\/news-stories\/news\/eu-releases-eu215-million-new-aid-crises-deepen-venezuela-and-haiti-and-response-hurricane-melissa-2025-11-03%5Fen\" rel=\"nofollow noopener\" target=\"_blank\" data-ylk=\"slk:sur son site web;elm:context_link;itc:0;sec:content-canvas\" class=\"link \">sur son site web<\/a> lundi.<\/p>\n<p class=\"mb-4 text-lg md:leading-8 break-words\">Sur les fonds annonc\u00e9s, 14**,5 millions d&rsquo;euros** <strong>serviront \u00e0 att\u00e9nuer les cons\u00e9quences de la crise v\u00e9n\u00e9zu\u00e9lienne<\/strong>, y compris son impact sur les pays voisins tels que la Colombie. Les priorit\u00e9s d&rsquo;intervention seront la protection, la sant\u00e9 et la nutrition.<\/p>\n<p class=\"mb-4 text-lg md:leading-8 break-words\">Cinq millions d&rsquo;euros suppl\u00e9mentaires seront allou\u00e9s \u00e0 la r\u00e9ponse d&rsquo;urgence \u00e0 l&rsquo;ouragan Melissa en Jama\u00efque, \u00e0 Cuba et en Ha\u00efti. Les partenaires humanitaires de l&rsquo;UE fournissent d\u00e9j\u00e0 de l&rsquo;eau potable, des installations sanitaires et des abris d&rsquo;urgence, tandis que des ponts a\u00e9riens et des fournitures humanitaires sont pr\u00e9par\u00e9s dans le cadre du m\u00e9canisme de protection civile de l&rsquo;UE.<\/p>\n<p class=\"mb-4 text-lg md:leading-8 break-words\">Cette aide s&rsquo;ajoute au mat\u00e9riel d&rsquo;urgence envoy\u00e9 par la France, le Luxembourg, la Belgique et l&rsquo;Allemagne, notamment des abris, des \u00e9quipements sanitaires, de protection et d&rsquo;\u00e9nergie. L&rsquo;Espagne d\u00e9ploie \u00e9galement une \u00e9quipe m\u00e9dicale avec un h\u00f4pital de campagne.<\/p>\n<p><strong>149 millions d&rsquo;euros allou\u00e9s \u00e0 l&rsquo;Am\u00e9rique latine depuis le d\u00e9but de l&rsquo;ann\u00e9e<\/strong><\/p>\n<p class=\"mb-4 text-lg md:leading-8 break-words\">2 millions d&rsquo;euros seront consacr\u00e9s \u00e0 l&rsquo;aide aux personnes touch\u00e9es par la crise en Ha\u00efti, o\u00f9 la violence des bandes arm\u00e9es a atteint des niveaux sans pr\u00e9c\u00e9dent, provoquant des d\u00e9placements massifs de population. Les fonds seront utilis\u00e9s pour fournir de la nourriture et de l&rsquo;aide aux communaut\u00e9s d\u00e9plac\u00e9es. La commissaire europ\u00e9enne charg\u00e9e de la pr\u00e9paration, de la gestion des crises et de l&rsquo;\u00e9galit\u00e9, Hadja Lahbib, a soulign\u00e9 l&rsquo;engagement de l&rsquo;Union europ\u00e9enne dans la r\u00e9gion.<\/p>\n<p class=\"mb-4 text-lg md:leading-8 break-words\">\u00ab\u00a0Alors que les conditions humanitaires continuent de se d\u00e9t\u00e9riorer en Ha\u00efti et au Venezuela, l&rsquo;UE reste d\u00e9termin\u00e9e \u00e0 aider ceux qui en ont le plus besoin\u00a0\u00bb, a d\u00e9clar\u00e9 la commissaire.<\/p>\n<p class=\"mb-4 text-lg md:leading-8 break-words\">Ce financement permettra de faire face \u00e0 l&rsquo;ins\u00e9curit\u00e9 alimentaire alarmante en Ha\u00efti, o\u00f9 le nombre de personnes d\u00e9plac\u00e9es par la violence atteint des niveaux record. Il permettra \u00e9galement de soutenir les V\u00e9n\u00e9zu\u00e9liens \u00e0 l&rsquo;int\u00e9rieur et \u00e0 l&rsquo;ext\u00e9rieur du pays, dans le cadre de l&rsquo;<strong>une des crises les plus graves de l&rsquo;Am\u00e9rique du Sud<\/strong>. \u00ab\u00a0L&rsquo;ouragan Melissa nous rappelle l&rsquo;impact d\u00e9vastateur des ph\u00e9nom\u00e8nes m\u00e9t\u00e9orologiques extr\u00eames en Am\u00e9rique latine et dans les Cara\u00efbes\u00a0\u00bb, a d\u00e9clar\u00e9 Hadja Lahbib.<\/p>\n<p class=\"mb-4 text-lg md:leading-8 break-words\">Selon la Commission europ\u00e9enne, cette nouvelle enveloppe s&rsquo;ajoute aux <strong>149 millions d&rsquo;euros d\u00e9j\u00e0 allou\u00e9s cette ann\u00e9e \u00e0 l&rsquo;Am\u00e9rique latine et aux Cara\u00efbes<\/strong>, et renforce la vision de la coop\u00e9ration qui guidera le prochain sommet UE-CELAC. Le bloc europ\u00e9en a soulign\u00e9 que son partenariat avec la r\u00e9gion \u00ab\u00a0repose sur une responsabilit\u00e9 partag\u00e9e de prot\u00e9ger les plus vuln\u00e9rables, de renforcer la r\u00e9silience d\u00e9mocratique et de r\u00e9pondre ensemble aux crises qui ne connaissent pas de fronti\u00e8res\u00a0\u00bb.<\/p>\n","protected":false},"excerpt":{"rendered":"L&rsquo;Union europ\u00e9enne a annonc\u00e9 le d\u00e9boursement de 21,5 millions d&rsquo;euros d&rsquo;aide humanitaire pour r\u00e9pondre aux crises au Venezuela&hellip;\n","protected":false},"author":2,"featured_media":509806,"comment_status":"","ping_status":"","sticky":false,"template":"","format":"standard","meta":{"footnotes":""},"categories":[1586],"tags":[11,63108,2196,1777,674,1779,1011,27,7760,49094,2794,12,25,1778,364],"class_list":{"0":"post-509805","1":"post","2":"type-post","3":"status-publish","4":"format-standard","5":"has-post-thumbnail","7":"category-europe","8":"tag-actualites","9":"tag-aide-durgence","10":"tag-commission-europeenne","11":"tag-eu","12":"tag-europe","13":"tag-european-union","14":"tag-fr","15":"tag-france","16":"tag-haiti","17":"tag-lunion-europeenne-2","18":"tag-la-region","19":"tag-news","20":"tag-republique-francaise","21":"tag-ue","22":"tag-union-europeenne"},"share_on_mastodon":{"url":"https:\/\/pubeurope.com\/@fr\/115488180524104739","error":""},"_links":{"self":[{"href":"https:\/\/www.europesays.com\/fr\/wp-json\/wp\/v2\/posts\/509805","targetHints":{"allow":["GET"]}}],"collection":[{"href":"https:\/\/www.europesays.com\/fr\/wp-json\/wp\/v2\/posts"}],"about":[{"href":"https:\/\/www.europesays.com\/fr\/wp-json\/wp\/v2\/types\/post"}],"author":[{"embeddable":true,"href":"https:\/\/www.europesays.com\/fr\/wp-json\/wp\/v2\/users\/2"}],"replies":[{"embeddable":true,"href":"https:\/\/www.europesays.com\/fr\/wp-json\/wp\/v2\/comments?post=509805"}],"version-history":[{"count":0,"href":"https:\/\/www.europesays.com\/fr\/wp-json\/wp\/v2\/posts\/509805\/revisions"}],"wp:featuredmedia":[{"embeddable":true,"href":"https:\/\/www.europesays.com\/fr\/wp-json\/wp\/v2\/media\/509806"}],"wp:attachment":[{"href":"https:\/\/www.europesays.com\/fr\/wp-json\/wp\/v2\/media?parent=509805"}],"wp:term":[{"taxonomy":"category","embeddable":true,"href":"https:\/\/www.europesays.com\/fr\/wp-json\/wp\/v2\/categories?post=509805"},{"taxonomy":"post_tag","embeddable":true,"href":"https:\/\/www.europesays.com\/fr\/wp-json\/wp\/v2\/tags?post=509805"}],"curies":[{"name":"wp","href":"https:\/\/api.w.org\/{rel}","templated":true}]}}