{"id":509822,"date":"2025-11-03T22:55:20","date_gmt":"2025-11-03T22:55:20","guid":{"rendered":"https:\/\/www.europesays.com\/fr\/509822\/"},"modified":"2025-11-03T22:55:20","modified_gmt":"2025-11-03T22:55:20","slug":"marie-anne-chazel-blessee-lorsquelle-jouait-dans-les-bronzes-elle-raconte-son-accident-dont-elle-garde-les-sequelles-encore-aujourdhui","status":"publish","type":"post","link":"https:\/\/www.europesays.com\/fr\/509822\/","title":{"rendered":"Marie-Anne Chazel bless\u00e9e lorsqu&rsquo;elle jouait dans Les Bronz\u00e9s, elle raconte son accident dont elle garde les s\u00e9quelles encore aujourd&rsquo;hui"},"content":{"rendered":"<p>Invit\u00e9e sur le plateau de C \u00e0 vous ce lundi 3 novembre, Marie-Anne Chazel a \u00e9voqu\u00e9 la cascade qu&rsquo;elle r\u00e9alisait sur la sc\u00e8ne du Th\u00e9\u00e2tre du Splendid, quand elle jouait la pi\u00e8ce qui a inspir\u00e9 Les Bronz\u00e9s, et qui lui a valu une blessure, dont elle conserve la cicatrice. <\/p>\n<p>On doit \u00e0 la troupe du Splendid certaines des com\u00e9dies fran\u00e7aises les plus cultes de ces cinquante derni\u00e8res ann\u00e9es. Les Bronz\u00e9s, les Bronz\u00e9s font du ski ou Le p\u00e8re No\u00ebl est une ordure sont multirediffus\u00e9s \u00e0 la t\u00e9l\u00e9vision depuis des d\u00e9cennies. En 2021, la troupe avait d&rsquo;ailleurs re\u00e7u un C\u00e9sar d&rsquo;honneur pour r\u00e9compenser l&rsquo;ensemble de sa carri\u00e8re. <a href=\"https:\/\/www.programme-tv.net\/news\/cinema\/387818-je-crois-que-c-est-la-pire-christian-clavier-revele-pourquoi-il-garde-un-souvenir-mitige-de-la-remise-du-cesar-anniversaire-au-splendid\/\" data-api-deeplink=\"teleloisirs:\/\/news\/387818\" rel=\"nofollow noopener\" target=\"_blank\">Une r\u00e9compense qui n&rsquo;avait pas forc\u00e9ment \u00e9t\u00e9 tr\u00e8s bien accueillie par ses membres, comme l&rsquo;avait racont\u00e9 Christian Clavier sur le plateau de C \u00e0 vous<\/a>. <a href=\"https:\/\/www.programme-tv.net\/biographie\/266-lhermitte-thierry\/\" data-link-people=\"ef762d9d-264f-4f5c-94f1-a201d4352bc6\" rel=\"nofollow noopener\" target=\"_blank\">Thierry Lhermitte<\/a>, Josiane Balasko, Marie-Anne Chazel et Bruno Moynot \u00e9taient invit\u00e9s sur le plateau de l&rsquo;\u00e9mission, ce lundi 3 novembre, \u00e0 l&rsquo;occasion de la r\u00e9\u00e9dition augment\u00e9e de l&rsquo;ouvrage Le Splendid par le Splendid, au profit de la recherche m\u00e9dicale.<\/p>\n<p>                        Marie-Anne Chazel s&rsquo;est bless\u00e9e en faisant du ski nautique sur une sc\u00e8ne de th\u00e9\u00e2tre<\/p>\n<p><a href=\"https:\/\/www.programme-tv.net\/biographie\/40799-lemoine-anne-elisabeth\/\" data-link-people=\"c4d3afa1-63f5-4b73-bd3a-75c74edbba6d\" rel=\"nofollow noopener\" target=\"_blank\">Anne-Elisabeth Lemoine<\/a> a profit\u00e9 de la pr\u00e9sence sur le plateau des quatre acteurs pour les amener \u00e0 raconter quelques anecdotes sur les belles ann\u00e9es du Splendid. Ils se sont ainsi rem\u00e9mor\u00e9s l&rsquo;\u00e9poque o\u00f9 ils jouaient Amours, coquillages et crustac\u00e9s, la pi\u00e8ce qui a inspir\u00e9 Les Bronz\u00e9s, sur la sc\u00e8ne de leur th\u00e9\u00e2tre. \u00ab\u00a0On avait reconstitu\u00e9 Le club Med sur une sc\u00e8ne qui fait quand m\u00eame la taille de la table\u00a0\u00bb, s&rsquo;est amus\u00e9e Josiane Balasko. \u00ab\u00a0On l&rsquo;a fait tous ensemble, parce qu&rsquo;on est extr\u00eamement dou\u00e9s en d\u00e9coration et en peinture\u00a0\u00bb, a ajout\u00e9 Bruno Moynot. Il y avait la mer et une piscine avec un toboggan. La troupe avait m\u00eame r\u00e9ussi \u00e0 y faire figurer des skis nautiques. \u00ab\u00a0<b>C&rsquo;est l\u00e0 que je me suis ouvert la jambe. Je peux vous montrer la cicatrice. Parce qu&rsquo;on \u00e9tait en maillot de bain avec Josi [Josiane Balasko]. <\/b>Il y avait des gens qui \u00e9taient dans la cave \u00e0 peu pr\u00e8s \u00e0 50 cm de nous avec le nez sur nos petits maillots et j&rsquo;avais des skis et les gar\u00e7ons tiraient sur le bout et moi je rentrais dans la cave\u00a0\u00bb, a-t-elle racont\u00e9. Avant de conclure avec le sourire qu&rsquo;ils avaient \u00ab\u00a0beaucoup souffert\u00a0\u00bb.<\/p>\n<p>            Marie-Anne Chazel et Josiane Balasko ont souffert sur le tournage des Bronz\u00e9s font du ski<\/p>\n<p>Marie-Anne Chazel et Josiane Balasko ont \u00e9galement confi\u00e9 qu&rsquo;elle avaient \u00ab\u00a0beaucoup souffert\u00a0\u00bb sur le tournage des Bronz\u00e9s font du ski car elles ne ma\u00eetrisaient pas les sports d&rsquo;hiver. \u00ab\u00a0A peine, j&rsquo;avais pris trois, quatre cours, avant parce que je ne savais pas skier\u00a0\u00bb, a admis l&rsquo;ancienne compagne de <a href=\"https:\/\/www.programme-tv.net\/biographie\/2186-clavier-christian\/\" data-link-people=\"e77624e1-ced9-42e8-a8dc-9757ab415df3\" rel=\"nofollow noopener\" target=\"_blank\">Christian Clavier<\/a>. Quant \u00e0 Josiane Balasko, elle a reconnu qu&rsquo;elle ne connaissait pas la montagne.<\/p>\n","protected":false},"excerpt":{"rendered":"Invit\u00e9e sur le plateau de C \u00e0 vous ce lundi 3 novembre, Marie-Anne Chazel a \u00e9voqu\u00e9 la cascade&hellip;\n","protected":false},"author":2,"featured_media":509823,"comment_status":"","ping_status":"","sticky":false,"template":"","format":"standard","meta":{"footnotes":""},"categories":[1359],"tags":[63109,4470,244,58,59,1011,27,41496,31861,63110,41494,973],"class_list":{"0":"post-509822","1":"post","2":"type-post","3":"status-publish","4":"format-standard","5":"has-post-thumbnail","7":"category-people","8":"tag-bruno-moynot","9":"tag-c-u00e0-vous","10":"tag-commentaire","11":"tag-divertissement","12":"tag-entertainment","13":"tag-fr","14":"tag-france","15":"tag-josiane-balasko","16":"tag-le-splendid","17":"tag-les-bronzu00e9s","18":"tag-marie-anne-chazel","19":"tag-people"},"share_on_mastodon":{"url":"https:\/\/pubeurope.com\/@fr\/115488235513622747","error":""},"_links":{"self":[{"href":"https:\/\/www.europesays.com\/fr\/wp-json\/wp\/v2\/posts\/509822","targetHints":{"allow":["GET"]}}],"collection":[{"href":"https:\/\/www.europesays.com\/fr\/wp-json\/wp\/v2\/posts"}],"about":[{"href":"https:\/\/www.europesays.com\/fr\/wp-json\/wp\/v2\/types\/post"}],"author":[{"embeddable":true,"href":"https:\/\/www.europesays.com\/fr\/wp-json\/wp\/v2\/users\/2"}],"replies":[{"embeddable":true,"href":"https:\/\/www.europesays.com\/fr\/wp-json\/wp\/v2\/comments?post=509822"}],"version-history":[{"count":0,"href":"https:\/\/www.europesays.com\/fr\/wp-json\/wp\/v2\/posts\/509822\/revisions"}],"wp:featuredmedia":[{"embeddable":true,"href":"https:\/\/www.europesays.com\/fr\/wp-json\/wp\/v2\/media\/509823"}],"wp:attachment":[{"href":"https:\/\/www.europesays.com\/fr\/wp-json\/wp\/v2\/media?parent=509822"}],"wp:term":[{"taxonomy":"category","embeddable":true,"href":"https:\/\/www.europesays.com\/fr\/wp-json\/wp\/v2\/categories?post=509822"},{"taxonomy":"post_tag","embeddable":true,"href":"https:\/\/www.europesays.com\/fr\/wp-json\/wp\/v2\/tags?post=509822"}],"curies":[{"name":"wp","href":"https:\/\/api.w.org\/{rel}","templated":true}]}}