{"id":509824,"date":"2025-11-03T22:56:22","date_gmt":"2025-11-03T22:56:22","guid":{"rendered":"https:\/\/www.europesays.com\/fr\/509824\/"},"modified":"2025-11-03T22:56:22","modified_gmt":"2025-11-03T22:56:22","slug":"loeil-du-photographe-a-concarneau-letrange-trace-dans-le-ciel","status":"publish","type":"post","link":"https:\/\/www.europesays.com\/fr\/509824\/","title":{"rendered":"L\u2019\u0152il du photographe \u00e0 Concarneau\u00a0: l\u2019\u00e9trange trace dans le ciel"},"content":{"rendered":"<p>Une soir\u00e9e sereine, le 1er octobre dernier, au niveau de la plage de Cornouaille, \u00e0 Concarneau. Un beau coucher de soleil et dans le ciel, cette \u00e9trange trace d\u2019avion, rep\u00e9r\u00e9e par la Melgvinoise Sandrine Burnell, comme le \u00ab\u00a0sommet d\u2019une montagne\u00a0\u00bb, d\u00e9crit-elle.<\/p>\n<p>Pour \u00eatre publi\u00e9 dans cette rubrique r\u00e9serv\u00e9e aux photographes amateurs du pays de Concarneau, adressez-nous vos clich\u00e9s, r\u00e9cents de pr\u00e9f\u00e9rence et d\u2019une r\u00e9solution d\u2019au moins 1 Mo, \u00e0 concarneau@letelegramme.fr. L\u2019envoi des images vaut autorisation de publication gratuite dans nos colonnes et sur le site internet du T\u00e9l\u00e9gramme.<\/p>\n","protected":false},"excerpt":{"rendered":"Une soir\u00e9e sereine, le 1er octobre dernier, au niveau de la plage de Cornouaille, \u00e0 Concarneau. Un beau&hellip;\n","protected":false},"author":2,"featured_media":509825,"comment_status":"","ping_status":"","sticky":false,"template":"","format":"standard","meta":{"footnotes":""},"categories":[1358],"tags":[1348,1384,1385,3322,1386,58,59,1011,27],"class_list":{"0":"post-509824","1":"post","2":"type-post","3":"status-publish","4":"format-standard","5":"has-post-thumbnail","7":"category-arts-et-design","8":"tag-arts","9":"tag-arts-and-design","10":"tag-arts-et-design","11":"tag-concarneau","12":"tag-design","13":"tag-divertissement","14":"tag-entertainment","15":"tag-fr","16":"tag-france"},"share_on_mastodon":{"url":"https:\/\/pubeurope.com\/@fr\/115488239325693920","error":""},"_links":{"self":[{"href":"https:\/\/www.europesays.com\/fr\/wp-json\/wp\/v2\/posts\/509824","targetHints":{"allow":["GET"]}}],"collection":[{"href":"https:\/\/www.europesays.com\/fr\/wp-json\/wp\/v2\/posts"}],"about":[{"href":"https:\/\/www.europesays.com\/fr\/wp-json\/wp\/v2\/types\/post"}],"author":[{"embeddable":true,"href":"https:\/\/www.europesays.com\/fr\/wp-json\/wp\/v2\/users\/2"}],"replies":[{"embeddable":true,"href":"https:\/\/www.europesays.com\/fr\/wp-json\/wp\/v2\/comments?post=509824"}],"version-history":[{"count":0,"href":"https:\/\/www.europesays.com\/fr\/wp-json\/wp\/v2\/posts\/509824\/revisions"}],"wp:featuredmedia":[{"embeddable":true,"href":"https:\/\/www.europesays.com\/fr\/wp-json\/wp\/v2\/media\/509825"}],"wp:attachment":[{"href":"https:\/\/www.europesays.com\/fr\/wp-json\/wp\/v2\/media?parent=509824"}],"wp:term":[{"taxonomy":"category","embeddable":true,"href":"https:\/\/www.europesays.com\/fr\/wp-json\/wp\/v2\/categories?post=509824"},{"taxonomy":"post_tag","embeddable":true,"href":"https:\/\/www.europesays.com\/fr\/wp-json\/wp\/v2\/tags?post=509824"}],"curies":[{"name":"wp","href":"https:\/\/api.w.org\/{rel}","templated":true}]}}