{"id":509828,"date":"2025-11-03T22:59:12","date_gmt":"2025-11-03T22:59:12","guid":{"rendered":"https:\/\/www.europesays.com\/fr\/509828\/"},"modified":"2025-11-03T22:59:12","modified_gmt":"2025-11-03T22:59:12","slug":"carly-rae-jepsen-annonce-la-plus-belle-des-nouvelles-avec-des-cliches-en-noir-et-blanc","status":"publish","type":"post","link":"https:\/\/www.europesays.com\/fr\/509828\/","title":{"rendered":"Carly Rae Jepsen annonce la plus belle des nouvelles avec des clich\u00e9s en noir et blanc"},"content":{"rendered":"<p>        <img decoding=\"async\" loading=\"lazy\" src=\"https:\/\/www.europesays.com\/fr\/wp-content\/uploads\/2025\/11\/599156e_upload-1-z5tjsgidwqdi-afp-20231001-33x87qv-v1-highres-usentertainmentmusicfestival.jpg\"  width=\"728\" height=\"409\" alt=\"La chanteuse canadienne Carly Rae Jepsen se produit  lors du festival de musique All Things Go au Merriweather Post Pavilion \u00e0 Columbia, le 30\u00a0septembre 2023. \"\/>  <\/p>\n<p>ANGELA WEISS \/ AFP<\/p>\n<p>La chanteuse canadienne Carly Rae Jepsen se produit  lors du festival de musique All Things Go au Merriweather Post Pavilion \u00e0 Columbia, le 30\u00a0septembre 2023. <\/p>\n<p class=\"asset asset-text\">PEOPLE &#8211; Un tr\u00e8s heureux \u00e9v\u00e8nement. Moins d\u2019un mois apr\u00e8s son mariage avec le producteur musical Cole M.G.N, la chanteuse canadienne <a href=\"https:\/\/www.huffpost.com\/archive\/qc\/entry\/la-chanteuse-carly-rae-jepsen-rate-son-coup-au-monticule-vid-o_n_3599557?utm_hp_ref=qc-divertissement\" target=\"_blank\" rel=\"noopener\" title=\"Nouvelle fen\u00eatre\">Carly Rae Jepsen <\/a>a annonc\u00e9 ce lundi 3\u00a0novembre \u00e0 ses fans, dans une publication sur le r\u00e9seau social Instagram, qu\u2019elle attendait son premier <a href=\"https:\/\/www.huffingtonpost.fr\/life\/article\/paracetamol-et-grossesse-quels-sont-les-risques-reels-et-preconisations-des-medecins_255160.html\" target=\"_blank\" rel=\"noopener\" title=\"Nouvelle fen\u00eatre\">enfant<\/a>.<\/p>\n<p class=\"asset asset-text\">Carly Rae Jepsen a publi\u00e9 une s\u00e9rie de clich\u00e9s en noir et blanc pris par la photographe Vanessa Heins, laissant appara\u00eetre son ventre commen\u00e7ant \u00e0 s\u2019arrondir.<\/p>\n<p class=\"asset asset-text\">Assise sur un lit d\u2019h\u00f4tel, elle est en pyjama \u00e0 fleurs, chaussons au pied et lov\u00e9e dans les bras de son compagnon sur la premi\u00e8re photo. Sur la seconde, Cole M.G.N regarde avec amour son \u00e9pouse. Ce dernier a d\u2019ailleurs r\u00e9agi aux photos, en ajoutant trois emojis en forme de c\u0153ur en commentaires.<\/p>\n<p> La lecture de ce contenu est susceptible d\u2019entra\u00eener un d\u00e9p\u00f4t de cookies de la part de l\u2019op\u00e9rateur tiers qui l\u2019h\u00e9berge. Compte-tenu des choix que vous avez exprim\u00e9s en mati\u00e8re de d\u00e9p\u00f4t de cookies, nous avons bloqu\u00e9 l\u2019affichage de ce contenu. Si vous souhaitez y acc\u00e9der, vous devez accepter la cat\u00e9gorie de cookies \u201cContenus tiers\u201d en cliquant sur le bouton ci-dessous. <\/p>\n<p> Lire la Vid\u00e9o            <\/p>\n<p class=\"asset asset-text\">\u00ab\u00a0Oh hi baby\u00a0\u00bb, \u00e9crit en l\u00e9gende des photos la chanteuse, notamment connue gr\u00e2ce au succ\u00e8s mondial de sa chanson\u00a0Call Me Maybe (2012).<\/p>\n<p class=\"asset asset-text\">La chanteuse et compositrice canadienne a \u00e9pous\u00e9 le producteur musical en octobre\u00a0\u00e0 l\u2019h\u00f4tel Chelsea de New York. Le couple s\u2019\u00e9tait rencontr\u00e9 en 2021, alors qu\u2019ils travaillaient ensemble sur le septi\u00e8me album studio de Carly Rae Jepsen, The Loveliest Time. Elle a d\u00e9clar\u00e9 au magazine<strong> <\/strong><a href=\"https:\/\/people.com\/carly-rae-jepsen-details-making-music-with-boyfriend-cole-mgn-exclusive-interview-7567162\" target=\"_blank\" rel=\"noopener\" title=\"Nouvelle fen\u00eatre\">People<\/a> qu\u2019elle avait h\u00e2te de cr\u00e9er d\u2019autres morceaux avec le producteur et futur papa.<\/p>\n","protected":false},"excerpt":{"rendered":"ANGELA WEISS \/ AFP La chanteuse canadienne Carly Rae Jepsen se produit lors du festival de musique All&hellip;\n","protected":false},"author":2,"featured_media":509829,"comment_status":"","ping_status":"","sticky":false,"template":"","format":"standard","meta":{"footnotes":""},"categories":[1355],"tags":[63111,2704,58,59,1011,27,196,1361,873,973],"class_list":{"0":"post-509828","1":"post","2":"type-post","3":"status-publish","4":"format-standard","5":"has-post-thumbnail","7":"category-musique","8":"tag-carly-rae-jepsen","9":"tag-chanteuse","10":"tag-divertissement","11":"tag-entertainment","12":"tag-fr","13":"tag-france","14":"tag-grossesse","15":"tag-music","16":"tag-musique","17":"tag-people"},"share_on_mastodon":{"url":"https:\/\/pubeurope.com\/@fr\/115488251759069621","error":""},"_links":{"self":[{"href":"https:\/\/www.europesays.com\/fr\/wp-json\/wp\/v2\/posts\/509828","targetHints":{"allow":["GET"]}}],"collection":[{"href":"https:\/\/www.europesays.com\/fr\/wp-json\/wp\/v2\/posts"}],"about":[{"href":"https:\/\/www.europesays.com\/fr\/wp-json\/wp\/v2\/types\/post"}],"author":[{"embeddable":true,"href":"https:\/\/www.europesays.com\/fr\/wp-json\/wp\/v2\/users\/2"}],"replies":[{"embeddable":true,"href":"https:\/\/www.europesays.com\/fr\/wp-json\/wp\/v2\/comments?post=509828"}],"version-history":[{"count":0,"href":"https:\/\/www.europesays.com\/fr\/wp-json\/wp\/v2\/posts\/509828\/revisions"}],"wp:featuredmedia":[{"embeddable":true,"href":"https:\/\/www.europesays.com\/fr\/wp-json\/wp\/v2\/media\/509829"}],"wp:attachment":[{"href":"https:\/\/www.europesays.com\/fr\/wp-json\/wp\/v2\/media?parent=509828"}],"wp:term":[{"taxonomy":"category","embeddable":true,"href":"https:\/\/www.europesays.com\/fr\/wp-json\/wp\/v2\/categories?post=509828"},{"taxonomy":"post_tag","embeddable":true,"href":"https:\/\/www.europesays.com\/fr\/wp-json\/wp\/v2\/tags?post=509828"}],"curies":[{"name":"wp","href":"https:\/\/api.w.org\/{rel}","templated":true}]}}