{"id":509836,"date":"2025-11-03T23:04:14","date_gmt":"2025-11-03T23:04:14","guid":{"rendered":"https:\/\/www.europesays.com\/fr\/509836\/"},"modified":"2025-11-03T23:04:14","modified_gmt":"2025-11-03T23:04:14","slug":"the-voice-fait-appel-a-tayc-dans-son-jury-pour-sa-15e-saison","status":"publish","type":"post","link":"https:\/\/www.europesays.com\/fr\/509836\/","title":{"rendered":"\u00ab\u00a0The Voice\u00a0\u00bb fait appel \u00e0 Tayc dans son jury pour sa 15e saison"},"content":{"rendered":"<p>        <img decoding=\"async\" loading=\"lazy\" src=\"https:\/\/www.europesays.com\/fr\/wp-content\/uploads\/2025\/11\/c696fa4_upload-1-w8xm746whr8f-capture-d-a-cran-2025-11-03-200339.png\"  width=\"728\" height=\"409\" alt=\"\u00ab\u00a0The Voice\u00a0\u00bb fait appel \u00e0 Tayc dans son jury pour sa 15e saison\"\/>  <\/p>\n<p>Capture TF1\u00a0The Voice<\/p>\n<p>\u00ab\u00a0The Voice\u00a0\u00bb fait appel \u00e0 Tayc dans son jury pour sa 15e saison<\/p>\n<p class=\"asset asset-text\">TELEVISION &#8211; L\u2019Afrolove s\u2019invite<a href=\"https:\/\/www.huffingtonpost.fr\/divertissement\/article\/de-retour-dans-the-voice-sur-tf1-florent-pagny-veut-que-tout-soit-sincere-et-honnete_242816.html\" target=\"_blank\" rel=\"noopener\"> \u00e0 The Voice<\/a>. L\u2019\u00e9mission de TF1\u00a0a d\u00e9voil\u00e9 l\u2019identit\u00e9 des quatre membres du jury pour sa saison 15\u00a0qui d\u00e9butera en 2026. Si <a href=\"https:\/\/www.huffingtonpost.fr\/divertissement\/article\/dans-the-voice-l-epreuve-des-groupes-a-fait-couler-les-larmes-de-florent-pagny_248457.html\" target=\"_blank\" rel=\"noopener\">Florent Pagny,<\/a> Amel Bent et Lara Fabian reviennent pour une nouvelle aventure, l\u2019occupant du quatri\u00e8me fauteuil rouge fera sa premi\u00e8re apparition dans l\u2019\u00e9mission\u00a0: le <a href=\"https:\/\/www.huffingtonpost.fr\/medias\/article\/dans-dals-tayc-et-fauve-hautot-ont-bluffe-tout-le-monde_188032.html\" target=\"_blank\" rel=\"noopener\">chanteur Tayc<\/a>.<\/p>\n<p class=\"asset asset-text\"><a href=\"https:\/\/www.huffingtonpost.fr\/culture\/article\/tayc-presente-ses-excuses-apres-les-accusations-d-apologie-du-viol-conjugal_214164.html\" target=\"_blank\" rel=\"noopener\">Porte-\u00e9tandard de l\u2019Afrolove<\/a>, style musical de sa cr\u00e9ation m\u00ealant R&amp;B, soul, afrobeat et sonorit\u00e9s africaines, il avait d\u00e9j\u00e0 \u00e9t\u00e9 jur\u00e9 en 2024\u00a0dans l\u2019\u00e9mission The Voice Kids. \u00ab\u00a0Tayc apporte avec lui audace, modernit\u00e9 et \u00e9nergie, pr\u00eat \u00e0 bousculer les codes et \u00e0 insuffler un vent de fra\u00eecheur sur cette saison.\u00a0\u00bb, \u00e9crit TF1\u00a0dans son communiqu\u00e9.<\/p>\n<p class=\"asset asset-text\">\u00ab\u00a0Symbole de la Nouvelle Vague\u00a0\u00bb, \u00e9crit la cha\u00eene, Tayc est compositeur, interpr\u00e8te et performeur. Il a eu un disque de diamant avec son album \u00ab\u00a0Fleur Froide\u00a0\u00bb et un disque de platine gr\u00e2ce \u00e0 son projet commun avec Dadju, \u00ab\u00a0H\u00e9ritage\u00a0\u00bb. \u00ab\u00a0Son arriv\u00e9e dans le fauteuil rouge est la promesse d\u2019un vent de fra\u00eecheur et d\u2019une vision artistique nouvelle sur la comp\u00e9tition\u00a0\u00bb, annonce TF1.<\/p>\n<p> La lecture de ce contenu est susceptible d\u2019entra\u00eener un d\u00e9p\u00f4t de cookies de la part de l\u2019op\u00e9rateur tiers qui l\u2019h\u00e9berge. Compte-tenu des choix que vous avez exprim\u00e9s en mati\u00e8re de d\u00e9p\u00f4t de cookies, nous avons bloqu\u00e9 l\u2019affichage de ce contenu. Si vous souhaitez y acc\u00e9der, vous devez accepter la cat\u00e9gorie de cookies \u201cContenus tiers\u201d en cliquant sur le bouton ci-dessous. <\/p>\n<p> Lire la Vid\u00e9o        La derni\u00e8re pour Florent Pagny    <\/p>\n<p class=\"asset asset-text\">Cette quinzi\u00e8me saison marque \u00e9galement la fin d\u2019une aventure pour le patron de l\u2019\u00e9mission, Florent Pagny. Ce dernier a annonc\u00e9 en septembre dernier \u00e0 <a href=\"https:\/\/www.huffingtonpost.fr\/divertissement\/article\/dans-the-voice-l-epreuve-des-groupes-a-fait-couler-les-larmes-de-florent-pagny_248457.html\" target=\"_blank\" rel=\"noopener\">T\u00e9l\u00e9 7\u00a0jours<\/a> qu\u2019il ne rempilerait pas pour une 16e saison. \u00ab\u00a0Je vais faire cette quinzi\u00e8me saison et apr\u00e8s je tirerai ma r\u00e9v\u00e9rence\u00a0\u00bb, a dit celui qui est pr\u00e9sent depuis les d\u00e9buts de l\u2019\u00e9mission en 2012.<\/p>\n<p class=\"asset asset-text\">Il est le seul \u00e0 \u00eatre rest\u00e9 \u00e0 l\u2019issue de la saison 14\u00a0puisque Vianney avait annonc\u00e9 qu\u2019il ne serait pas de la partie. Quant \u00e0 Patricia Kaas et Zaz, elles ont \u00e9t\u00e9 remplac\u00e9es par Amel Bent et Lara Fabian.<\/p>\n<p class=\"asset asset-text\">Cette derni\u00e8re avait d\u00e9j\u00e0 occup\u00e9 ce r\u00f4le il y a cinq ans.<\/p>\n","protected":false},"excerpt":{"rendered":"Capture TF1\u00a0The Voice \u00ab\u00a0The Voice\u00a0\u00bb fait appel \u00e0 Tayc dans son jury pour sa 15e saison TELEVISION &#8211;&hellip;\n","protected":false},"author":2,"featured_media":509837,"comment_status":"","ping_status":"","sticky":false,"template":"","format":"standard","meta":{"footnotes":""},"categories":[8],"tags":[251,58,59,3109,1011,27,873,3074],"class_list":{"0":"post-509836","1":"post","2":"type-post","3":"status-publish","4":"format-standard","5":"has-post-thumbnail","7":"category-divertissement","8":"tag-culture","9":"tag-divertissement","10":"tag-entertainment","11":"tag-florent-pagny","12":"tag-fr","13":"tag-france","14":"tag-musique","15":"tag-the-voice"},"share_on_mastodon":{"url":"https:\/\/pubeurope.com\/@fr\/115488271642859809","error":""},"_links":{"self":[{"href":"https:\/\/www.europesays.com\/fr\/wp-json\/wp\/v2\/posts\/509836","targetHints":{"allow":["GET"]}}],"collection":[{"href":"https:\/\/www.europesays.com\/fr\/wp-json\/wp\/v2\/posts"}],"about":[{"href":"https:\/\/www.europesays.com\/fr\/wp-json\/wp\/v2\/types\/post"}],"author":[{"embeddable":true,"href":"https:\/\/www.europesays.com\/fr\/wp-json\/wp\/v2\/users\/2"}],"replies":[{"embeddable":true,"href":"https:\/\/www.europesays.com\/fr\/wp-json\/wp\/v2\/comments?post=509836"}],"version-history":[{"count":0,"href":"https:\/\/www.europesays.com\/fr\/wp-json\/wp\/v2\/posts\/509836\/revisions"}],"wp:featuredmedia":[{"embeddable":true,"href":"https:\/\/www.europesays.com\/fr\/wp-json\/wp\/v2\/media\/509837"}],"wp:attachment":[{"href":"https:\/\/www.europesays.com\/fr\/wp-json\/wp\/v2\/media?parent=509836"}],"wp:term":[{"taxonomy":"category","embeddable":true,"href":"https:\/\/www.europesays.com\/fr\/wp-json\/wp\/v2\/categories?post=509836"},{"taxonomy":"post_tag","embeddable":true,"href":"https:\/\/www.europesays.com\/fr\/wp-json\/wp\/v2\/tags?post=509836"}],"curies":[{"name":"wp","href":"https:\/\/api.w.org\/{rel}","templated":true}]}}