{"id":509838,"date":"2025-11-03T23:05:22","date_gmt":"2025-11-03T23:05:22","guid":{"rendered":"https:\/\/www.europesays.com\/fr\/509838\/"},"modified":"2025-11-03T23:05:22","modified_gmt":"2025-11-03T23:05:22","slug":"7-e-cest-le-tout-petit-prix-de-cet-interrupteur-connecte-amazon-pendant-le-pre-black-friday","status":"publish","type":"post","link":"https:\/\/www.europesays.com\/fr\/509838\/","title":{"rendered":"7 \u20ac, c&rsquo;est le tout petit prix de cet interrupteur connect\u00e9 Amazon pendant le pr\u00e9-Black Friday"},"content":{"rendered":"<p>Dans la gamme Basics d\u2019Amazon, on trouve notamment un interrupteur intelligent qui permet de commander plus facilement un \u00e9clairage. Avant le Black Friday, on le trouve d\u00e9j\u00e0 \u00e0 7,32 euros au lieu de 12,38 euros sur Amazon.<\/p>\n<p><a target=\"_blank\" href=\"https:\/\/images.frandroid.com\/wp-content\/uploads\/2025\/11\/interrupteur-connecte-amazon-black-friday-2025.jpg\" class=\"article-content__figure\" rel=\"noopener\"><img fetchpriority=\"high\" decoding=\"async\" loading=\"eager\" width=\"1200\" height=\"675\" src=\"https:\/\/www.europesays.com\/fr\/wp-content\/uploads\/2025\/11\/interrupteur-connecte-amazon-black-friday-2025.jpg\" alt=\"\" class=\"wp-image-2853151 wp-image wp-image\"  \/><\/a><\/p>\n<p>Amazon poss\u00e8de une large gamme de <a href=\"https:\/\/www.frandroid.com\/guide-dachat\/322031_thermostats-connectes-temps-dy-penser\" target=\"_blank\" rel=\"noopener\">produits connect\u00e9s<\/a>, y compris dans sa gamme Basics, sa marque \u00e0 bas prix. Le g\u00e9ant am\u00e9ricain propose par exemple un interrupteur intelligent, qui nous \u00e9vite de remplacer l\u2019ampoule de notre luminaire <a href=\"https:\/\/www.frandroid.com\/guide-dachat\/guide-objets-connectes\/637570_meilleures-ampoules-connectees-choisir\" target=\"_blank\" rel=\"noopener\">par un mod\u00e8le connect\u00e9<\/a>. Cette r\u00e9f\u00e9rence compatible avec Alexa est en plus tr\u00e8s peu co\u00fbteuse : en ce <a href=\"https:\/\/www.frandroid.com\/bons-plans\/2849105_black-friday-2025-lavant-premiere-fait-le-plein-doffres-ce-dimanche-voici-les-meilleurs-bons-plans-en-direct\" target=\"_blank\" rel=\"noopener\">pr\u00e9-Black Friday<\/a>, <a href=\"https:\/\/shop.frandroid.com\/t61ncqc0\" target=\"_blank\" rel=\"noreferrer noopener affiliate nofollow\" data-gtm=\"{&quot;event&quot;:&quot;afficlic&quot;,&quot;nom_marchand&quot;:&quot;amazon_fr&quot;,&quot;nom_produit&quot;:&quot;inconnu&quot;,&quot;categorie_produit&quot;:&quot;inconnu&quot;,&quot;module_produit&quot;:&quot;editolink&quot;,&quot;position_marchand&quot;:0,&quot;texte&quot;:&quot;son-prix-ne-depasse-pas-8-euros&quot;,&quot;offer_url&quot;:&quot;https:\/\/shop.frandroid.com\/t61ncqc0&quot;,&quot;zone&quot;:&quot;contenu-page&quot;}\">son prix ne d\u00e9passe pas 8 euros<\/a>.  <\/p>\n<p>Les points essentiels de l\u2019interrupteur Amazon Basics<\/p>\n<ul class=\"wp-block-list\">\n<li>Un mod\u00e8le compact et sobre<\/li>\n<li>Compatible avec Alexa<\/li>\n<li>La programmation de routines et le contr\u00f4le \u00e0 distance<\/li>\n<\/ul>\n<p>D\u2019abord affich\u00e9 \u00e0 12,38 euros, l\u2019interrupteur intelligent Amazon Basics est aujourd\u2019hui <a href=\"https:\/\/shop.frandroid.com\/t61ncqc0\" target=\"_blank\" rel=\"noreferrer noopener affiliate nofollow\" data-gtm=\"{&quot;event&quot;:&quot;afficlic&quot;,&quot;nom_marchand&quot;:&quot;amazon_fr&quot;,&quot;nom_produit&quot;:&quot;inconnu&quot;,&quot;categorie_produit&quot;:&quot;inconnu&quot;,&quot;module_produit&quot;:&quot;editolink&quot;,&quot;position_marchand&quot;:0,&quot;texte&quot;:&quot;disponible-en-promotion-a-7-32-euros-sur-amazon&quot;,&quot;offer_url&quot;:&quot;https:\/\/shop.frandroid.com\/t61ncqc0&quot;,&quot;zone&quot;:&quot;contenu-page&quot;}\">disponible en promotion \u00e0 7,32 euros sur Amazon<\/a>.<\/p>\n<p>Un mod\u00e8le facile \u00e0 installer<\/p>\n<p>L\u2019interrupteur intelligent Amazon Basics n\u2019est pas particuli\u00e8rement \u00e9l\u00e9gant, mais son design sobre lui permet de se fondre ais\u00e9ment dans tous les int\u00e9rieurs. Il est en plus assez compact (8 x 8 cm). Pour l\u2019installation, vous pouvez tout \u00e0 fait vous en charger seul, si vous \u00eates \u00e9quip\u00e9 d\u2019un tournevis et d\u2019un voltm\u00e8tre. Des guides pas \u00e0 pas pourront en plus vous aiguiller. Mais si vous avez peur de mal faire, vous pouvez toujours faire appel \u00e0 un \u00e9lectricien.<\/p>\n<p>Sachez toutefois qu\u2019un fil neutre est indispensable pour pouvoir installer cet interrupteur, de m\u00eame qu\u2019une connexion \u00e0 un r\u00e9seau Wi-Fi 2,4 GHz pour pouvoir le piloter. Autre chose importante \u00e0 noter : ce mod\u00e8le peut aussi bien fonctionner seul, en mode unipolaire, qu\u2019en va-et-vient lorsqu\u2019il est associ\u00e9 \u00e0 un interrupteur traditionnel ; dans ce dernier cas, la lampe peut \u00eatre contr\u00f4l\u00e9e depuis deux emplacements.<\/p>\n<p>Un interrupteur qui d\u00e9bloque des fonctionnalit\u00e9s pratiques<\/p>\n<p>Comme pr\u00e9cis\u00e9 plus haut, l\u2019interrupteur, qui n\u2019a d\u2019ailleurs pas besoin d\u2019un hub pour fonctionner, peut connecter des lampes qui ne sont pas intelligentes par nature. Vous pouvez ainsi vous servir de l\u2019application sur smartphone ou de l\u2019assistant vocal Alexa pour le piloter (vos ampoules n\u2019ont pas besoin d\u2019\u00eatre compatibles avec Alexa, en revanche).<\/p>\n<p>Ainsi, vous pouvez \u00e9videmment utiliser l\u2019interrupteur comme un mod\u00e8le classique, mais vous pouvez aussi avoir acc\u00e8s \u00e0 des fonctionnalit\u00e9s bien pratiques au quotidien, comme la programmation de l\u2019allumage et l\u2019extinction de la lumi\u00e8re \u00e0 l\u2019aide des routines Alexa, ou encore le contr\u00f4le \u00e0 distance gr\u00e2ce \u00e0 l\u2019application de l\u2019assistant vocal.<\/p>\n<p class=\"shortcode-container see-more\">\n    \u00c0 lire aussi : <br \/><a href=\"https:\/\/www.frandroid.com\/guide-dachat\/1458810_prise-connectee-quel-est-le-meilleur-modele\" target=\"_blank\" rel=\"noopener\">Meilleure prise connect\u00e9e\u202f: notre comparatif et conseils pour choisir<\/a>\n<\/p>\n<p>Black Friday 2025 : pour ne rien rater des offres en avant-premi\u00e8re<\/p>\n<p>Le v\u00e9ritable Black Friday ne commencera que le 28 novembre prochain, mais les e-commer\u00e7ants ont d\u00e9j\u00e0 partag\u00e9 des offres en avance. Une aubaine si vous voulez anticiper vos achats de fin d\u2019ann\u00e9e. <\/p>\n<p>Si vous n\u2019avez pas trouv\u00e9 votre bonheur dans les s\u00e9lections pr\u00e9c\u00e9demment cit\u00e9es, voici ce qu\u2019il vous reste \u00e0 faire : <\/p>\n<ul class=\"wp-block-list\">\n<li>Suivez notre compte X\u00a0<a href=\"https:\/\/twitter.com\/FrandroidPromos\" target=\"_blank\" rel=\"noreferrer noopener\">@FrandroidPromos<\/a> uniquement d\u00e9di\u00e9 aux bons plans (pensez \u00e0 activer la cloche pour recevoir les notifications en temps r\u00e9el)<\/li>\n<li><a href=\"https:\/\/whatsapp.com\/channel\/0029VabYxm5LI8YhSlD8xc05\" target=\"_blank\" rel=\"noreferrer noopener\">Rejoignez notre canal WhatsApp<\/a> pour recevoir une fois par jour un condens\u00e9 des meilleures offres<\/li>\n<li>T\u00e9l\u00e9chargez notre <a href=\"https:\/\/www.frandroid.com\/telecharger\/apps\/frandroid\" target=\"_blank\" rel=\"noreferrer noopener\">application Frandroid<\/a> (disponible sur iOS et Android) pour activer les notifications de la cat\u00e9gorie \u00ab Bons Plans \u00bb et ainsi recevoir en temps r\u00e9el les nouveaux articles li\u00e9s aux Black Friday 2025<\/li>\n<li>Abonnez-vous \u00e0 notre newsletter pour \u00eatre s\u00fbr de recevoir les offres en avant-premi\u00e8re (pas plus d\u2019un mail par jour, d\u00e9sinscription en 1 clic, aucune diffusion \u00e0 des tiers) :<\/li>\n<\/ul>\n<p class=\"newsletter-form__title is-size-6 is-size-7-mobile is-uppercase has-text-good-deals has-text-weight-semibold mb-4 px-5\">Frandroid Bons plans<\/p>\n<p class=\"has-text-centered-tablet newsletter-form__subtitle is-size-4 has-text-weight-bold has-text-primary column is-9-tablet is-10-mobile\">\n                C\u2019est enregistr\u00e9 ! Surveillez votre bo\u00eete aux lettres, vous allez entendre parler de nous\u00a0!\n            <\/p>\n<p class=\"newsletter-form__subtitle is-size-4 has-text-weight-bold has-text-gradient-pink\">Ne manquez aucun bon plan avec notre newsletter<\/p>\n<p class=\"is-size-7\">\n                Les donn\u00e9es transmises par le biais de ce formulaire sont destin\u00e9es \u00e0 Humanoid,<br \/>\n                soci\u00e9t\u00e9 \u00e9ditrice du site Frandroid en sa qualit\u00e9 de responsable de traitement.<br \/>\n                Elles ne seront en aucun cas c\u00e9d\u00e9es \u00e0 des tiers. Ces donn\u00e9es sont trait\u00e9es sous r\u00e9serve d\u2019obtention de<br \/>\n                votre consentement pour vous envoyer par e-mail des actualit\u00e9s et informations relatives aux contenus<br \/>\n                \u00e9ditoriaux publi\u00e9s sur Frandroid. Vous pouvez vous opposer \u00e0 tout moment \u00e0 ces e-mails<br \/>\n                en cliquant sur les liens de d\u00e9sinscriptions pr\u00e9sents dans chacun d\u2019eux. Pour plus d\u2019informations, vous<br \/>\n                pouvez consulter l\u2019int\u00e9gralit\u00e9 de notre <a href=\"https:\/\/www.frandroid.com\/politique-donnees-personnelles\" target=\"_blank\" rel=\"noopener\"><br \/>\n                politique de traitement de vos donn\u00e9es personnelles<\/a>.<br \/>\n                Vous disposez d\u2019un droit d\u2019acc\u00e8s, de rectification, d\u2019effacement, de limitation, de portabilit\u00e9 et<br \/>\n                d\u2019opposition pour motif l\u00e9gitime aux donn\u00e9es personnelles vous concernant. Pour exercer l\u2019un de ces droits,<br \/>\n                merci d\u2019effectuer votre demande via notre <a href=\"https:\/\/www.frandroid.com\/contact\/#RGPD\" target=\"_blank\" rel=\"noopener\">formulaire<br \/>\n                de demandes d\u2019exercices de droits d\u00e9di\u00e9<\/a>.\n            <\/p>\n<p>Envie de retrouver les meilleurs articles de Frandroid sur Google News ? Vous pouvez suivre <strong><a href=\"https:\/\/news.google.com\/publications\/CAAqBggKMICKMDCuyQU?oc=3\" target=\"_blank\" rel=\"noopener null noreferrer\">Frandroid sur Google News<\/a> en un clic.<\/strong><\/p>\n<p>            <script async src=\"https:\/\/platform.twitter.com\/widgets.js\" charset=\"utf-8\"><\/script><\/p>\n","protected":false},"excerpt":{"rendered":"Dans la gamme Basics d\u2019Amazon, on trouve notamment un interrupteur intelligent qui permet de commander plus facilement un&hellip;\n","protected":false},"author":2,"featured_media":509839,"comment_status":"","ping_status":"","sticky":false,"template":"","format":"standard","meta":{"footnotes":""},"categories":[7],"tags":[62374,201,1011,27,43,40,41,39,42,44],"class_list":{"0":"post-509838","1":"post","2":"type-post","3":"status-publish","4":"format-standard","5":"has-post-thumbnail","7":"category-sciences-et-technologies","8":"tag-black-friday-2025","9":"tag-bons-plans-amazon","10":"tag-fr","11":"tag-france","12":"tag-science","13":"tag-science-and-technology","14":"tag-sciences","15":"tag-sciences-et-technologies","16":"tag-technologies","17":"tag-technology"},"share_on_mastodon":{"url":"https:\/\/pubeurope.com\/@fr\/115488275198885570","error":""},"_links":{"self":[{"href":"https:\/\/www.europesays.com\/fr\/wp-json\/wp\/v2\/posts\/509838","targetHints":{"allow":["GET"]}}],"collection":[{"href":"https:\/\/www.europesays.com\/fr\/wp-json\/wp\/v2\/posts"}],"about":[{"href":"https:\/\/www.europesays.com\/fr\/wp-json\/wp\/v2\/types\/post"}],"author":[{"embeddable":true,"href":"https:\/\/www.europesays.com\/fr\/wp-json\/wp\/v2\/users\/2"}],"replies":[{"embeddable":true,"href":"https:\/\/www.europesays.com\/fr\/wp-json\/wp\/v2\/comments?post=509838"}],"version-history":[{"count":0,"href":"https:\/\/www.europesays.com\/fr\/wp-json\/wp\/v2\/posts\/509838\/revisions"}],"wp:featuredmedia":[{"embeddable":true,"href":"https:\/\/www.europesays.com\/fr\/wp-json\/wp\/v2\/media\/509839"}],"wp:attachment":[{"href":"https:\/\/www.europesays.com\/fr\/wp-json\/wp\/v2\/media?parent=509838"}],"wp:term":[{"taxonomy":"category","embeddable":true,"href":"https:\/\/www.europesays.com\/fr\/wp-json\/wp\/v2\/categories?post=509838"},{"taxonomy":"post_tag","embeddable":true,"href":"https:\/\/www.europesays.com\/fr\/wp-json\/wp\/v2\/tags?post=509838"}],"curies":[{"name":"wp","href":"https:\/\/api.w.org\/{rel}","templated":true}]}}