{"id":509841,"date":"2025-11-03T23:07:11","date_gmt":"2025-11-03T23:07:11","guid":{"rendered":"https:\/\/www.europesays.com\/fr\/509841\/"},"modified":"2025-11-03T23:07:11","modified_gmt":"2025-11-03T23:07:11","slug":"zohran-mamdani-ce-jeune-candidat-democrate-a-la-mairie-de-new-york-erige-en-modele-par-lfi","status":"publish","type":"post","link":"https:\/\/www.europesays.com\/fr\/509841\/","title":{"rendered":"Zohran Mamdani, ce jeune candidat d\u00e9mocrate \u00e0 la mairie de New York \u00e9rig\u00e9 en mod\u00e8le par LFI"},"content":{"rendered":"<p>\n    <strong>D\u00c9CRYPTAGE &#8211; <\/strong>Favori de l\u2019\u00e9lection municipale organis\u00e9e ce mardi \u00e0 New York, le trentenaire ax\u00e9 sa campagne sur les classes populaires et les jeunes &#8211; deux \u00e9lectorats que les Insoumis cherchent \u00e9galement \u00e0 mobiliser dans l\u2019Hexagone en vue de 2027.<\/p>\n<p class=\"fig-paragraph\">Rares sont les candidats, en France comme \u00e0 l\u2019\u00e9tranger, dont les Insoumis s\u2019inspirent ouvertement. Jusqu\u2019\u00e0 \u00e9riger leur strat\u00e9gie de campagne en mod\u00e8le, dans l\u2019espoir de conqu\u00e9rir des villes lors des municipales de 2026 &#8211; et surtout, de remporter la pr\u00e9sidentielle de 2027. C\u2019est pourtant le cas de\u00a0<a href=\"http:\/\/www.lefigaro.fr\/international\/zohran-mamdani-un-democrate-socialiste-a-l-assaut-de-new-york-20251102\" data-fig-type=\"Article\" data-gtm-custom-categorie=\"navigation\" data-gtm-custom-action=\"crossclick\" data-gtm-custom-label=\"Contextuel\" data-gtm-event=\"customEventSPE\" data-fig-domain=\"LEFIGARO\" target=\"_blank\" rel=\"noopener\">Zohran Mamdani<\/a>, candidat d\u00e9mocrate \u00e0 la mairie de New York. Ce trentenaire musulman, figure de l\u2019aile gauche du parti de l\u2019\u00e2ne, est donn\u00e9 grand favori par les sondages pour prendre les r\u00eanes de la m\u00e9galopole am\u00e9ricaine ce 4 novembre, face \u00e0 Andrew Cuomo, ancien gouverneur de l\u2019\u00c9tat de New York, au profil nettement plus centriste et le r\u00e9publicain\u00a0<a href=\"http:\/\/www.lefigaro.fr\/international\/mairie-de-new-york-qui-sont-andrew-cuomo-et-curtis-sliwa-les-candidats-opposes-au-favori-des-sondages-zohran-mamdani-20251103\" data-fig-type=\"Article\" data-gtm-custom-categorie=\"navigation\" data-gtm-custom-action=\"crossclick\" data-gtm-custom-label=\"Contextuel\" data-gtm-event=\"customEventSPE\" data-fig-domain=\"LEFIGARO\" target=\"_blank\" rel=\"noopener\">Curtis Sliwa<\/a>.<\/p>\n<p class=\"fig-paragraph\">De quoi redonner espoir aux opposants de\u00a0<a href=\"http:\/\/www.lefigaro.fr\/international\/roi-pape-jedi-comment-trump-est-devenu-le-champion-de-la-propagande-par-intelligence-artificielle-20251102\" data-fig-type=\"Article\" data-gtm-custom-categorie=\"navigation\" data-gtm-custom-action=\"crossclick\" data-gtm-custom-label=\"Contextuel\" data-gtm-event=\"customEventSPE\" data-fig-domain=\"LEFIGARO\" target=\"_blank\" rel=\"noopener\">Donald Trump<\/a>, tant Zohran Mamdani incarne l\u2019antith\u00e8se parfaite du tonitruant pr\u00e9sident am\u00e9ricain, un an apr\u00e8s la d\u00e9faite cinglante de Kamala Harris dans la course de la Maison-Blanche.\u00a0Mais aussi, de l\u2019autre c\u00f4t\u00e9 de l\u2019Atlantique, aux cadres m\u00e9lenchonistes, qui n\u2019avaient pas de mots assez durs, \u00e0 l\u2019\u00e9poque\u2026<\/p>\n<p class=\"fig-premium-paywall__infos\">\n        Cet article est r\u00e9serv\u00e9 aux abonn\u00e9s.        Il vous reste 86% \u00e0 d\u00e9couvrir.\n    <\/p>\n<p>                <img  data- alt=\"Le Figaro\" class=\"fig-img--complete fig-img\"\/><\/p>\n<p class=\"fig-premium-paywall__title\">Vous avez envie de lire la suite ?<\/p>\n<p class=\"fig-premium-paywall__subtitle\">D\u00e9bloquez tous les articles imm\u00e9diatement.<\/p>\n<p class=\"fig-premium-paywall__connect\">\n                D\u00e9j\u00e0 abonn\u00e9\u00a0?                <a class=\"fig-premium-paywall__connect-link\" href=\"https:\/\/connect.lefigaro.fr\/login?client=horizon_web&amp;type=main&amp;redirect_uri=https%3A%2F%2Fwww.lefigaro.fr%2Fpolitique%2Fil-bouscule-l-establishment-zohran-mamdani-ce-jeune-candidat-democrate-a-la-mairie-de-new-york-erige-en-modele-par-lfi-20251103\" data-js-gtm=\"{&quot;customCategorie&quot;: &quot;conversion&quot;, &quot;customAction&quot;: &quot;before_Landing_Connexion_paywall_auto&quot;, &quot;customLabel&quot;: &quot;bGVmaWdhcm8uZnJfXzFmMGI4ZDc1LTQ3ZjYtNjA4MC1iYzIzLTViM2JjZTk0NWFmNV9fTmV3c0ZsYXNo_\u00abIl bouscule l\u2019establishment\u00bb\u00a0: Zohran Mamdani, ce jeune candidat d\u00e9mocrate \u00e0 la mairie de New York \u00e9rig\u00e9 en mod\u00e8le par LFI_340&quot;, &quot;customIDSPE&quot;: &quot;bGVmaWdhcm8uZnJfXzFmMGI4ZDc1LTQ3ZjYtNjA4MC1iYzIzLTViM2JjZTk0NWFmNV9fTmV3c0ZsYXNo&quot;, &quot;event&quot;: &quot;customEventSPE&quot;}\" target=\"_blank\" rel=\"noopener\"><br \/>\n                    Connectez-vous<br \/>\n                <\/a>\n            <\/p>\n","protected":false},"excerpt":{"rendered":"D\u00c9CRYPTAGE &#8211; Favori de l\u2019\u00e9lection municipale organis\u00e9e ce mardi \u00e0 New York, le trentenaire ax\u00e9 sa campagne sur&hellip;\n","protected":false},"author":2,"featured_media":509842,"comment_status":"","ping_status":"","sticky":false,"template":"","format":"standard","meta":{"footnotes":""},"categories":[5],"tags":[11,1011,27,14,3081,2338,415,12,28],"class_list":{"0":"post-509841","1":"post","2":"type-post","3":"status-publish","4":"format-standard","5":"has-post-thumbnail","7":"category-international","8":"tag-actualites","9":"tag-fr","10":"tag-france","11":"tag-international","12":"tag-jean-luc-melenchon","13":"tag-la-france-insoumise","14":"tag-new-york","15":"tag-news","16":"tag-world"},"share_on_mastodon":{"url":"https:\/\/pubeurope.com\/@fr\/115488282878796648","error":""},"_links":{"self":[{"href":"https:\/\/www.europesays.com\/fr\/wp-json\/wp\/v2\/posts\/509841","targetHints":{"allow":["GET"]}}],"collection":[{"href":"https:\/\/www.europesays.com\/fr\/wp-json\/wp\/v2\/posts"}],"about":[{"href":"https:\/\/www.europesays.com\/fr\/wp-json\/wp\/v2\/types\/post"}],"author":[{"embeddable":true,"href":"https:\/\/www.europesays.com\/fr\/wp-json\/wp\/v2\/users\/2"}],"replies":[{"embeddable":true,"href":"https:\/\/www.europesays.com\/fr\/wp-json\/wp\/v2\/comments?post=509841"}],"version-history":[{"count":0,"href":"https:\/\/www.europesays.com\/fr\/wp-json\/wp\/v2\/posts\/509841\/revisions"}],"wp:featuredmedia":[{"embeddable":true,"href":"https:\/\/www.europesays.com\/fr\/wp-json\/wp\/v2\/media\/509842"}],"wp:attachment":[{"href":"https:\/\/www.europesays.com\/fr\/wp-json\/wp\/v2\/media?parent=509841"}],"wp:term":[{"taxonomy":"category","embeddable":true,"href":"https:\/\/www.europesays.com\/fr\/wp-json\/wp\/v2\/categories?post=509841"},{"taxonomy":"post_tag","embeddable":true,"href":"https:\/\/www.europesays.com\/fr\/wp-json\/wp\/v2\/tags?post=509841"}],"curies":[{"name":"wp","href":"https:\/\/api.w.org\/{rel}","templated":true}]}}