{"id":509850,"date":"2025-11-03T23:12:43","date_gmt":"2025-11-03T23:12:43","guid":{"rendered":"https:\/\/www.europesays.com\/fr\/509850\/"},"modified":"2025-11-03T23:12:43","modified_gmt":"2025-11-03T23:12:43","slug":"seichamps-la-chevauchee-diabolique-a-loxer","status":"publish","type":"post","link":"https:\/\/www.europesays.com\/fr\/509850\/","title":{"rendered":"Seichamps. La chevauch\u00e9e diabolique \u00e0 l\u2019Oxer"},"content":{"rendered":"<p>Parcours diabolique pour les chevaux et poneys du centre \u00e9questre de l\u2019Oxer qui ont sillonn\u00e9 la commune mercredi apr\u00e8s-midi. Accompagn\u00e9s par une \u00e9quipe d\u2019encadrement compos\u00e9e de Fr\u00e9d\u00e9ric Panis, le responsable du club, L\u00e9a Bernard, la monitrice, Audrey Lavanoux, la pr\u00e9sidente de l\u2019association des Cavaliers de l\u2019Oxer ainsi que les familles et les policiers municipaux, les d\u00e9moniaques personnages ont enfourch\u00e9 des montures mal\u00e9fiques et sont all\u00e9s qu\u00e9mander des bonbons. Au retour, un concours de d\u00e9guisement a \u00e9t\u00e9 remport\u00e9 par Mila et Zo\u00e9 et un go\u00fbter r\u00e9parateur attendait les jeunes participants.<\/p>\n","protected":false},"excerpt":{"rendered":"Parcours diabolique pour les chevaux et poneys du centre \u00e9questre de l\u2019Oxer qui ont sillonn\u00e9 la commune mercredi&hellip;\n","protected":false},"author":2,"featured_media":509851,"comment_status":"","ping_status":"","sticky":false,"template":"","format":"standard","meta":{"footnotes":""},"categories":[9635],"tags":[1111,11,1687,1704,1777,674,1011,27,775,11362,1702,12,25,13654],"class_list":{"0":"post-509850","1":"post","2":"type-post","3":"status-publish","4":"format-standard","5":"has-post-thumbnail","7":"category-nancy","8":"tag-actu","9":"tag-actualites","10":"tag-culture-loisirs","11":"tag-edition-nancy-et-agglomeration","12":"tag-eu","13":"tag-europe","14":"tag-fr","15":"tag-france","16":"tag-grand-est","17":"tag-metropole-du-grand-nancy-54b3","18":"tag-nancy","19":"tag-news","20":"tag-republique-francaise","21":"tag-seichamps"},"share_on_mastodon":{"url":"https:\/\/pubeurope.com\/@fr\/115488302225610460","error":""},"_links":{"self":[{"href":"https:\/\/www.europesays.com\/fr\/wp-json\/wp\/v2\/posts\/509850","targetHints":{"allow":["GET"]}}],"collection":[{"href":"https:\/\/www.europesays.com\/fr\/wp-json\/wp\/v2\/posts"}],"about":[{"href":"https:\/\/www.europesays.com\/fr\/wp-json\/wp\/v2\/types\/post"}],"author":[{"embeddable":true,"href":"https:\/\/www.europesays.com\/fr\/wp-json\/wp\/v2\/users\/2"}],"replies":[{"embeddable":true,"href":"https:\/\/www.europesays.com\/fr\/wp-json\/wp\/v2\/comments?post=509850"}],"version-history":[{"count":0,"href":"https:\/\/www.europesays.com\/fr\/wp-json\/wp\/v2\/posts\/509850\/revisions"}],"wp:featuredmedia":[{"embeddable":true,"href":"https:\/\/www.europesays.com\/fr\/wp-json\/wp\/v2\/media\/509851"}],"wp:attachment":[{"href":"https:\/\/www.europesays.com\/fr\/wp-json\/wp\/v2\/media?parent=509850"}],"wp:term":[{"taxonomy":"category","embeddable":true,"href":"https:\/\/www.europesays.com\/fr\/wp-json\/wp\/v2\/categories?post=509850"},{"taxonomy":"post_tag","embeddable":true,"href":"https:\/\/www.europesays.com\/fr\/wp-json\/wp\/v2\/tags?post=509850"}],"curies":[{"name":"wp","href":"https:\/\/api.w.org\/{rel}","templated":true}]}}