{"id":509852,"date":"2025-11-03T23:14:02","date_gmt":"2025-11-03T23:14:02","guid":{"rendered":"https:\/\/www.europesays.com\/fr\/509852\/"},"modified":"2025-11-03T23:14:02","modified_gmt":"2025-11-03T23:14:02","slug":"plus-quun-salon-une-experience-conviviale","status":"publish","type":"post","link":"https:\/\/www.europesays.com\/fr\/509852\/","title":{"rendered":"\u00a0plus qu\u2019un salon, une exp\u00e9rience conviviale"},"content":{"rendered":"<p>Ici, ce sont les vignerons eux-m\u00eames qui vous accueillent, racontent leur m\u00e9tier et vous font d\u00e9guster plusieurs centaines de vins. Chacun signe ses bouteilles de son nom et de son histoire\u00a0: une authenticit\u00e9 qui fait toute la force des Vignerons Ind\u00e9pendants.<\/p>\n<p>\u00a0Seul, \u00e0 deux ou entre amis, vous allez vivre un moment simple et authentique. Vous d\u00e9gusterez vos futurs coups de c\u0153ur, \u00e0 des tarifs privil\u00e9gi\u00e9s \u00ab comme au domaine \u00bb, dans une ambiance conviviale et festive. Et parce que le vin s\u2019appr\u00e9cie encore plus avec de belles tables, vous profiterez aussi des sp\u00e9cialit\u00e9s des partenaires gourmands du Salon comme les foies gras Lacon des artisans du Sud-Ouest (Payzac, Dordogne) ou les fromages et charcuteries de terroir de la Cr\u00e9merie du March\u00e9 (Haut-Doubs).<\/p>\n<p>\u00a0Rencontrer des vignerons passionn\u00e9s et authentiques, \u00e9couter leurs histoires,<\/p>\n<p>D\u00e9couvrir toute la diversit\u00e9 de la Bourgogne et du Jura en un seul lieu,<\/p>\n<p>D\u00e9guster une vari\u00e9t\u00e9 de vins et trouver vos futurs coups de c\u0153ur,<\/p>\n<p>Acheter directement aupr\u00e8s des producteurs, au prix du domaine,<\/p>\n<p>Partager un moment unique dans une ambiance conviviale\u2026<\/p>\n<p>Autant de bonnes raisons de se rendre au 32e Salon des Vins des Vignerons Ind\u00e9pendants de Bourgogne et du Jura\u00a0!<\/p>\n<p><strong>\u00a0<\/strong>*L\u2019abus d\u2019alcool est dangereux pour la sant\u00e9, \u00e0 consommer avec mod\u00e9ration.<\/p>\n<p>&#13;<br \/>\n                                            Contenu con\u00e7u et propos\u00e9 par EBRA inspirations&#13;<br \/>\n                        avec Salon des vins des vignerons ind\u00e9pendants de Bourgogne et du Jura&#13;\n                                    <\/p>\n","protected":false},"excerpt":{"rendered":"Ici, ce sont les vignerons eux-m\u00eames qui vous accueillent, racontent leur m\u00e9tier et vous font d\u00e9guster plusieurs centaines&hellip;\n","protected":false},"author":2,"featured_media":509853,"comment_status":"","ping_status":"","sticky":false,"template":"","format":"standard","meta":{"footnotes":""},"categories":[9635],"tags":[1111,11,7884,1777,674,1011,27,775,1702,12,25],"class_list":{"0":"post-509852","1":"post","2":"type-post","3":"status-publish","4":"format-standard","5":"has-post-thumbnail","7":"category-nancy","8":"tag-actu","9":"tag-actualites","10":"tag-articles-partenaires","11":"tag-eu","12":"tag-europe","13":"tag-fr","14":"tag-france","15":"tag-grand-est","16":"tag-nancy","17":"tag-news","18":"tag-republique-francaise"},"share_on_mastodon":{"url":"https:\/\/pubeurope.com\/@fr\/115488310098956374","error":""},"_links":{"self":[{"href":"https:\/\/www.europesays.com\/fr\/wp-json\/wp\/v2\/posts\/509852","targetHints":{"allow":["GET"]}}],"collection":[{"href":"https:\/\/www.europesays.com\/fr\/wp-json\/wp\/v2\/posts"}],"about":[{"href":"https:\/\/www.europesays.com\/fr\/wp-json\/wp\/v2\/types\/post"}],"author":[{"embeddable":true,"href":"https:\/\/www.europesays.com\/fr\/wp-json\/wp\/v2\/users\/2"}],"replies":[{"embeddable":true,"href":"https:\/\/www.europesays.com\/fr\/wp-json\/wp\/v2\/comments?post=509852"}],"version-history":[{"count":0,"href":"https:\/\/www.europesays.com\/fr\/wp-json\/wp\/v2\/posts\/509852\/revisions"}],"wp:featuredmedia":[{"embeddable":true,"href":"https:\/\/www.europesays.com\/fr\/wp-json\/wp\/v2\/media\/509853"}],"wp:attachment":[{"href":"https:\/\/www.europesays.com\/fr\/wp-json\/wp\/v2\/media?parent=509852"}],"wp:term":[{"taxonomy":"category","embeddable":true,"href":"https:\/\/www.europesays.com\/fr\/wp-json\/wp\/v2\/categories?post=509852"},{"taxonomy":"post_tag","embeddable":true,"href":"https:\/\/www.europesays.com\/fr\/wp-json\/wp\/v2\/tags?post=509852"}],"curies":[{"name":"wp","href":"https:\/\/api.w.org\/{rel}","templated":true}]}}