{"id":509857,"date":"2025-11-03T23:18:21","date_gmt":"2025-11-03T23:18:21","guid":{"rendered":"https:\/\/www.europesays.com\/fr\/509857\/"},"modified":"2025-11-03T23:18:21","modified_gmt":"2025-11-03T23:18:21","slug":"montpellier-stade-francais-vannes-les-infos-du-lundi-3-novembre","status":"publish","type":"post","link":"https:\/\/www.europesays.com\/fr\/509857\/","title":{"rendered":"Montpellier, Stade Fran\u00e7ais, Vannes, les infos du lundi 3 novembre"},"content":{"rendered":"<p style=\"text-align: justify;\" align=\"justify\"><strong>TRANSFERTS RUGBY \u2013 Montpellier a refus\u00e9 de c\u00e9der deux partants \u00e0 Perpignan, le Stade Fran\u00e7ais pr\u00eate un espoir et Vannes accueille un international chilien : les infos de ce lundi 23 novembre.<\/strong><\/p>\n<p>Montpellier : Perpignan a tent\u00e9 Coly et Reus<\/p>\n<p style=\"text-align: justify;\">Pour <strong>Montpellier<\/strong>, la saison n\u2019est pas encore d\u2019une immense qualit\u00e9, mais avec seulement six points de retard sur la zone des barrages, rien n\u2019est perdu pour retrouver la phase finale. N\u00e9anmoins, la transformation de l\u2019effectif continue, et en vue de la saison prochaine, deux jeunes talents vont mettre les voiles. <a href=\"https:\/\/dicodusport.fr\/blog\/transferts-leo-coly-va-quitter-montpellier-pour-un-autre-club-de-top-14\/\" target=\"_blank\" rel=\"noopener\"><strong>L\u00e9o Coly<\/strong> s\u2019en va vers l\u2019Aviron Bayonnais<\/a>, alors que <a href=\"https:\/\/dicodusport.fr\/blog\/transferts-hugo-reus-va-quitter-le-mhr-pour-rejoindre-un-cador-de-top-14\/\" target=\"_blank\" rel=\"noopener\"><strong>Hugo Reus<\/strong> va retourner du c\u00f4t\u00e9 de l\u2019Union Bordeaux-B\u00e8gles<\/a>.<\/p>\n<p style=\"text-align: justify;\">Deux joueurs partis donc pour une derni\u00e8re saison incertaine dans l\u2019H\u00e9rault. Mais elle aurait pu se diriger vers le sud. Alors qu\u2019ils ne sont gu\u00e8re utilis\u00e9s au MHR, <strong>Perpignan<\/strong> a tent\u00e9 de se glisser dans l\u2019ouverture pour r\u00e9cup\u00e9rer les deux joueurs et s\u2019offrir une charni\u00e8re de qualit\u00e9 d\u2019ici la fin de saison. Une requ\u00eate refus\u00e9e par Montpellier, qui veut conserver sa profondeur d\u2019effectif.<\/p>\n<p style=\"text-align: justify;\"><strong>L\u2019avis de Dicodusport<\/strong> <strong>:\u00a0<\/strong>Signer ailleurs pour la saison prochaine impacte forc\u00e9ment son r\u00f4le l\u2019exercice en cours. N\u00e9anmoins, laisser partir des joueurs \u00e0 des postes cl\u00e9s, comme ceux de la charni\u00e8re, est toujours d\u00e9licat, et l\u2019on comprend la position du MHR.<\/p>\n<p>Stade Fran\u00e7ais : Yannick Lodjro pr\u00eat\u00e9 \u00e0 Mont-de-Marsan<\/p>\n<p style=\"text-align: justify;\">Le <strong>Stade Fran\u00e7ais<\/strong> a trouv\u00e9 son rythme de croisi\u00e8re en Top 14. Les Soldats Roses ne quittent pas les places de barragistes, sont solides sur leur pelouse, avec un effectif attrayant et des leaders au rendez-vous. N\u00e9anmoins, dans cet effectif, il n\u2019y a pas de la place pour tout le monde, et certains espoirs n\u2019ont pas de libert\u00e9 d\u2019expression.<\/p>\n<p style=\"text-align: justify;\">C\u2019est le cas de <strong>Yannick Lodjro<\/strong>. International U20, il aspirait \u00e0 int\u00e9grer le groupe professionnel, mais au vu des ambitions du club, ce n\u2019est gu\u00e8re le moment de faire d\u00e9buter un espoir. Il va donc partir en pr\u00eat \u00e0 <strong>Mont-de-Marsan<\/strong>, qui avait bien mal commenc\u00e9 sa saison de Pro D2, mais qui vient d\u2019inscrire 71 points lors de son dernier match.<\/p>\n<p>\n<a href=\"https:\/\/dicodusport.fr\/blog\/offres\/abonnements-sans-pub\/\" target=\"_blank\" rel=\"noopener\"><img loading=\"lazy\" decoding=\"async\" class=\"alignnone size-full wp-image-501284 perfmatters-lazy\" alt=\"\" width=\"1200\" height=\"200\" src=\"https:\/\/www.europesays.com\/fr\/wp-content\/uploads\/2025\/04\/Abonnements-sans-pubs-Dicodusport.png\"\/><\/a><br \/><a href=\"https:\/\/dicodusport.fr\/blog\/offres\/abonnements-sans-pub\/\" target=\"_blank\" rel=\"noopener\"><img loading=\"lazy\" decoding=\"async\" class=\"alignnone size-full wp-image-501296 perfmatters-lazy\" alt=\"\" width=\"400\" height=\"400\" src=\"https:\/\/www.europesays.com\/fr\/wp-content\/uploads\/2025\/04\/Abonnements-sans-pubs-Dicodusport-mobile.png\"\/><\/a><\/p>\n<p style=\"text-align: justify;\"><strong>L\u2019avis de Dicodusport<\/strong> <strong>:\u00a0<\/strong>Un cas classique : pr\u00eater un espoir en Pro D2 en esp\u00e9rant qu\u2019il se r\u00e9v\u00e8le et que l\u2019on puisse l\u2019int\u00e9grer au groupe la saison suivante pour avoir un groupe \u00e0 moindre frais. Un paris pas toujours payant\u2026<\/p>\n<p>Vannes : bienvenue I\u00f1aki Gurruchaga<\/p>\n<p style=\"text-align: justify;\">Le <strong>RC Vannes<\/strong> n\u2019est rest\u00e9 qu\u2019une saison en Top 14, mais aspire \u00e0 retrouver l\u2019\u00e9lite le plus vite possible. Pour l\u2019instant, tout se passe bien avec une seule d\u00e9faite en neuf matchs et une premi\u00e8re place au classement de Pro D2. Mais apr\u00e8s avoir perdu<strong> Santiago Medrano<\/strong> pour une dur\u00e9e ind\u00e9termin\u00e9e, les Bretons avaient besoin d\u2019un joker m\u00e9dical au poste de pilier.<\/p>\n<p style=\"text-align: justify;\">Ce joker sera <strong>I\u00f1aki<\/strong>\u00a0<strong>Gurruchaga<\/strong>. Un international chilien fort de 18 s\u00e9lections, qui a notamment fait partie du squad de Los C\u00f3ndores pendant la Coupe du monde 2023 en France. Deux en plus tard, il va d\u00e9couvrir la Pro D2, et renforcer une \u00e9quipe avec de hautes ambitions. Un beau d\u00e9fi.<\/p>\n<p style=\"text-align: justify;\"><strong>L\u2019avis de Dicodusport :\u00a0<\/strong>Pas facile de trouver des piliers de qualit\u00e9. Mais des doutes subsistent quand \u00e0 la capacit\u00e9 du Chilien \u00e0 s\u2019adapter \u00e0 un championnat sans doute sup\u00e9rieur \u00e0 tout ce qu\u2019il a connu en club.\u00a0<\/p>\n","protected":false},"excerpt":{"rendered":"TRANSFERTS RUGBY \u2013 Montpellier a refus\u00e9 de c\u00e9der deux partants \u00e0 Perpignan, le Stade Fran\u00e7ais pr\u00eate un espoir&hellip;\n","protected":false},"author":2,"featured_media":509858,"comment_status":"","ping_status":"","sticky":false,"template":"","format":"standard","meta":{"footnotes":""},"categories":[9599],"tags":[1111,11,2113,1777,674,1011,27,2208,12,2680,25,477],"class_list":{"0":"post-509857","1":"post","2":"type-post","3":"status-publish","4":"format-standard","5":"has-post-thumbnail","7":"category-montpellier","8":"tag-actu","9":"tag-actualites","10":"tag-breve","11":"tag-eu","12":"tag-europe","13":"tag-fr","14":"tag-france","15":"tag-montpellier","16":"tag-news","17":"tag-occitanie","18":"tag-republique-francaise","19":"tag-transferts-rugby"},"share_on_mastodon":{"url":"https:\/\/pubeurope.com\/@fr\/115488326822901554","error":""},"_links":{"self":[{"href":"https:\/\/www.europesays.com\/fr\/wp-json\/wp\/v2\/posts\/509857","targetHints":{"allow":["GET"]}}],"collection":[{"href":"https:\/\/www.europesays.com\/fr\/wp-json\/wp\/v2\/posts"}],"about":[{"href":"https:\/\/www.europesays.com\/fr\/wp-json\/wp\/v2\/types\/post"}],"author":[{"embeddable":true,"href":"https:\/\/www.europesays.com\/fr\/wp-json\/wp\/v2\/users\/2"}],"replies":[{"embeddable":true,"href":"https:\/\/www.europesays.com\/fr\/wp-json\/wp\/v2\/comments?post=509857"}],"version-history":[{"count":0,"href":"https:\/\/www.europesays.com\/fr\/wp-json\/wp\/v2\/posts\/509857\/revisions"}],"wp:featuredmedia":[{"embeddable":true,"href":"https:\/\/www.europesays.com\/fr\/wp-json\/wp\/v2\/media\/509858"}],"wp:attachment":[{"href":"https:\/\/www.europesays.com\/fr\/wp-json\/wp\/v2\/media?parent=509857"}],"wp:term":[{"taxonomy":"category","embeddable":true,"href":"https:\/\/www.europesays.com\/fr\/wp-json\/wp\/v2\/categories?post=509857"},{"taxonomy":"post_tag","embeddable":true,"href":"https:\/\/www.europesays.com\/fr\/wp-json\/wp\/v2\/tags?post=509857"}],"curies":[{"name":"wp","href":"https:\/\/api.w.org\/{rel}","templated":true}]}}