{"id":50986,"date":"2025-04-25T05:32:09","date_gmt":"2025-04-25T05:32:09","guid":{"rendered":"https:\/\/www.europesays.com\/fr\/50986\/"},"modified":"2025-04-25T05:32:09","modified_gmt":"2025-04-25T05:32:09","slug":"que-devient-le-carrare-limmeuble-gangrene-par-le-trafic","status":"publish","type":"post","link":"https:\/\/www.europesays.com\/fr\/50986\/","title":{"rendered":"que devient le Carrare, l\u2019immeuble gangr\u00e9n\u00e9 par le trafic ?"},"content":{"rendered":"<p>Depuis sept mois, l\u2019immeuble <a href=\"https:\/\/www.ledauphine.com\/isere\/isere\/le-carrare-une-copropriete-en-plein-centre-d-echirolles-gangrene-par-le-trafic-de-drogues\" target=\"_blank\" rel=\"noopener\">le Carrare<\/a> est inhabitable. Et l\u2019horizon ne va pas s\u2019\u00e9claircir tout de suite pour les propri\u00e9taires des 89\u00a0studios ou T1 de ce b\u00e2timent du centre-ville d\u2019\u00c9chirolles, devenu un des plus gros points de deal de l\u2019agglom\u00e9ration.<\/p>\n<p>Le 24\u00a0septembre 2024, la maire prenait deux arr\u00eat\u00e9s de mise en p\u00e9ril \u00e0 cause d\u2019un \u00ab\u00a0danger de mort permanent\u00a0\u00bb, d\u00fb \u00e0 des risques d\u2019incendie et \u00e9lectriques. L\u2019immeuble, d\u00e9grad\u00e9 au fil des ann\u00e9es par la pr\u00e9sence de dealers qui ont d\u00e9truit et squatt\u00e9 plusieurs appartements, a \u00e9t\u00e9 ferm\u00e9 puis s\u00e9curis\u00e9 par la Ville. Les habitants ont \u00e9t\u00e9 relog\u00e9s et les propri\u00e9taires, presque tous non-occupants, pri\u00e9s de r\u00e9aliser des&#8230;<\/p>\n","protected":false},"excerpt":{"rendered":"Depuis sept mois, l\u2019immeuble le Carrare est inhabitable. Et l\u2019horizon ne va pas s\u2019\u00e9claircir tout de suite pour&hellip;\n","protected":false},"author":2,"featured_media":50987,"comment_status":"","ping_status":"","sticky":false,"template":"","format":"standard","meta":{"footnotes":""},"categories":[9566],"tags":[1111,11,2430,271,272,9852,9853,112,1777,674,274,107,1011,27,2731,1116,108,6225,12,316,25],"class_list":{"0":"post-50986","1":"post","2":"type-post","3":"status-publish","4":"format-standard","5":"has-post-thumbnail","7":"category-grenoble","8":"tag-actu","9":"tag-actualites","10":"tag-auvergne-rhone-alpes","11":"tag-crime","12":"tag-delit-et-contravention","13":"tag-echirolles","14":"tag-echirolles-bassin","15":"tag-edition-grenoble-agglomeration","16":"tag-eu","17":"tag-europe","18":"tag-faits-divers-justice","19":"tag-fil-info","20":"tag-fr","21":"tag-france","22":"tag-grenoble","23":"tag-immobilier","24":"tag-isere","25":"tag-la-matinale","26":"tag-news","27":"tag-politique","28":"tag-republique-francaise"},"share_on_mastodon":{"url":"https:\/\/pubeurope.com\/@fr\/114396970531779354","error":""},"_links":{"self":[{"href":"https:\/\/www.europesays.com\/fr\/wp-json\/wp\/v2\/posts\/50986","targetHints":{"allow":["GET"]}}],"collection":[{"href":"https:\/\/www.europesays.com\/fr\/wp-json\/wp\/v2\/posts"}],"about":[{"href":"https:\/\/www.europesays.com\/fr\/wp-json\/wp\/v2\/types\/post"}],"author":[{"embeddable":true,"href":"https:\/\/www.europesays.com\/fr\/wp-json\/wp\/v2\/users\/2"}],"replies":[{"embeddable":true,"href":"https:\/\/www.europesays.com\/fr\/wp-json\/wp\/v2\/comments?post=50986"}],"version-history":[{"count":0,"href":"https:\/\/www.europesays.com\/fr\/wp-json\/wp\/v2\/posts\/50986\/revisions"}],"wp:featuredmedia":[{"embeddable":true,"href":"https:\/\/www.europesays.com\/fr\/wp-json\/wp\/v2\/media\/50987"}],"wp:attachment":[{"href":"https:\/\/www.europesays.com\/fr\/wp-json\/wp\/v2\/media?parent=50986"}],"wp:term":[{"taxonomy":"category","embeddable":true,"href":"https:\/\/www.europesays.com\/fr\/wp-json\/wp\/v2\/categories?post=50986"},{"taxonomy":"post_tag","embeddable":true,"href":"https:\/\/www.europesays.com\/fr\/wp-json\/wp\/v2\/tags?post=50986"}],"curies":[{"name":"wp","href":"https:\/\/api.w.org\/{rel}","templated":true}]}}