{"id":509861,"date":"2025-11-03T23:20:14","date_gmt":"2025-11-03T23:20:14","guid":{"rendered":"https:\/\/www.europesays.com\/fr\/509861\/"},"modified":"2025-11-03T23:20:14","modified_gmt":"2025-11-03T23:20:14","slug":"le-club-normand-annonce-un-record-daffluence-a-diochon","status":"publish","type":"post","link":"https:\/\/www.europesays.com\/fr\/509861\/","title":{"rendered":"le club normand annonce un record d&rsquo;affluence \u00e0 Diochon"},"content":{"rendered":"<p>La <a href=\"https:\/\/www.foot-national.com\/data\/resultat-national.html\" target=\"_blank\" rel=\"noopener\">douzi\u00e8me journ\u00e9e<\/a> du championnat National a \u00e9t\u00e9 marqu\u00e9e par une performance notable du FC Rouen, non seulement sur le terrain, mais aussi en tribune. Le club a en effet annonc\u00e9, dans <a href=\"https:\/\/x.com\/fcr1899\/status\/1985014513544905190\">un communiqu\u00e9<\/a> publi\u00e9 ce lundi, un record d&rsquo;affluence au stade Robert-Diochon. Pas moins de 6 193 spectateurs \u00e9taient pr\u00e9sents samedi 1er novembre pour encourager les Diables Rouges contre Villefranche (<a href=\"https:\/\/www.foot-national.com\/actus\/rouen-villefranche-les-buts-de-la-rencontre-929110\" target=\"_blank\" rel=\"noopener\">victoire 2-1<\/a>).<\/p>\n<blockquote class=\"twitter-tweet\">\n<p dir=\"ltr\" lang=\"fr\">\ud835\ude4d\ud835\ude5a\ud835\ude58\ud835\ude64\ud835\ude67\ud835\ude59 \ud835\ude59\u2019\ud835\ude56\ud835\ude5b\ud835\ude5b\ud835\ude61\ud835\ude6a\ud835\ude5a\ud835\ude63\ud835\ude58\ud835\ude5a \ud835\ude56\u0300 \ud835\ude3f\ud835\ude5e\ud835\ude64\ud835\ude58\ud835\ude5d\ud835\ude64\ud835\ude63 \ud835\ude58\ud835\ude5a\ud835\ude69\ud835\ude69\ud835\ude5a \ud835\ude68\ud835\ude56\ud835\ude5e\ud835\ude68\ud835\ude64\ud835\ude63 ! Vous \u00e9tiez 6 193 \u00e0 pousser derri\u00e8re nos Diables rouges pour cette victoire renversante face \u00e0 Villefranche ! \ud83c\udfdf\ufe0f<\/p>\n<p>Une apr\u00e8s-midi exceptionnelle, port\u00e9e par une magnifique ambiance. Merci \u00e0 tous pour\u2026 <a href=\"https:\/\/t.co\/RmvnfJZkSV\">pic.twitter.com\/RmvnfJZkSV<\/a><\/p>\n<p>\u2014 FC Rouen 1899 (@fcr1899) <a href=\"https:\/\/twitter.com\/fcr1899\/status\/1985014513544905190?ref_src=twsrc%5Etfw\" target=\"_blank\" rel=\"noopener\">November 2, 2025<\/a><\/p>\n<\/blockquote>\n<p><strong>Rouen largement en t\u00eate, le FCVB se rapproche de la zone rouge<\/strong><\/p>\n<p>Cette ferveur populaire s&rsquo;explique par les excellents r\u00e9sultats sportifs des hommes de R\u00e9gis Brouard. Gr\u00e2ce \u00e0 ce succ\u00e8s, le FC Rouen a pris une confortable avance de sept points sur ses plus proches poursuivants (Sochaux, Dijon, Versailles, Orl\u00e9ans). Le public r\u00e9pond massivement pr\u00e9sent pour soutenir une \u00e9quipe qui s&rsquo;envole en t\u00eate du classement, rel\u00e9guant son adversaire du jour, Villefranche (14e), vers la zone de rel\u00e9gation. Le prochain rendez-vous \u00e0 domicile, fix\u00e9 au 21 novembre face \u00e0 Concarneau, sera une nouvelle occasion pour le club de battre un record, en capitalisant sur cette dynamique sportive et populaire.<\/p>\n<p>Partagez cette info avec vos amis et vos proches en cliquant ici<br \/>Pour r\u00e9sumer<\/p>\n<p>Le succ\u00e8s difficile du FC Rouen (2-1) face \u00e0 Villefranche samedi dernier n&rsquo;a fait que confirmer la dynamique exceptionnelle du club, d\u00e9sormais leader incontest\u00e9 du championnat National avec sept points d&rsquo;avance. L&rsquo;engouement populaire autour des Diables Rouges atteint de nouveaux sommets : le club a annonc\u00e9 ce lundi un record d\u2019affluence au stade Robert-Diochon, avec 6 193 spectateurs pr\u00e9sents.<\/p>\n<p> <img decoding=\"async\" width=\"76\" height=\"76\" loading=\"lazy\" src=\"https:\/\/static.wui.fr\/images_v3\/avatar-footnational.png\" alt=\"Aris Djennadi\"\/><script async src=\"https:\/\/platform.twitter.com\/widgets.js\" charset=\"utf-8\"><\/script><\/p>\n","protected":false},"excerpt":{"rendered":"La douzi\u00e8me journ\u00e9e du championnat National a \u00e9t\u00e9 marqu\u00e9e par une performance notable du FC Rouen, non seulement&hellip;\n","protected":false},"author":2,"featured_media":509862,"comment_status":"","ping_status":"","sticky":false,"template":"","format":"standard","meta":{"footnotes":""},"categories":[9587],"tags":[1111,11,1777,674,1011,27,59645,12,5161,25,9590],"class_list":{"0":"post-509861","1":"post","2":"type-post","3":"status-publish","4":"format-standard","5":"has-post-thumbnail","7":"category-rouen","8":"tag-actu","9":"tag-actualites","10":"tag-eu","11":"tag-europe","12":"tag-fr","13":"tag-france","14":"tag-national-actus","15":"tag-news","16":"tag-normandie","17":"tag-republique-francaise","18":"tag-rouen"},"share_on_mastodon":{"url":"https:\/\/pubeurope.com\/@fr\/115488333906226915","error":""},"_links":{"self":[{"href":"https:\/\/www.europesays.com\/fr\/wp-json\/wp\/v2\/posts\/509861","targetHints":{"allow":["GET"]}}],"collection":[{"href":"https:\/\/www.europesays.com\/fr\/wp-json\/wp\/v2\/posts"}],"about":[{"href":"https:\/\/www.europesays.com\/fr\/wp-json\/wp\/v2\/types\/post"}],"author":[{"embeddable":true,"href":"https:\/\/www.europesays.com\/fr\/wp-json\/wp\/v2\/users\/2"}],"replies":[{"embeddable":true,"href":"https:\/\/www.europesays.com\/fr\/wp-json\/wp\/v2\/comments?post=509861"}],"version-history":[{"count":0,"href":"https:\/\/www.europesays.com\/fr\/wp-json\/wp\/v2\/posts\/509861\/revisions"}],"wp:featuredmedia":[{"embeddable":true,"href":"https:\/\/www.europesays.com\/fr\/wp-json\/wp\/v2\/media\/509862"}],"wp:attachment":[{"href":"https:\/\/www.europesays.com\/fr\/wp-json\/wp\/v2\/media?parent=509861"}],"wp:term":[{"taxonomy":"category","embeddable":true,"href":"https:\/\/www.europesays.com\/fr\/wp-json\/wp\/v2\/categories?post=509861"},{"taxonomy":"post_tag","embeddable":true,"href":"https:\/\/www.europesays.com\/fr\/wp-json\/wp\/v2\/tags?post=509861"}],"curies":[{"name":"wp","href":"https:\/\/api.w.org\/{rel}","templated":true}]}}