{"id":509867,"date":"2025-11-03T23:23:19","date_gmt":"2025-11-03T23:23:19","guid":{"rendered":"https:\/\/www.europesays.com\/fr\/509867\/"},"modified":"2025-11-03T23:23:19","modified_gmt":"2025-11-03T23:23:19","slug":"cette-digue-qui-protege-des-crues-a-rennes-va-disparaitre","status":"publish","type":"post","link":"https:\/\/www.europesays.com\/fr\/509867\/","title":{"rendered":"Cette digue qui prot\u00e8ge des crues \u00e0 Rennes va dispara\u00eetre"},"content":{"rendered":"<p>La renaturation des berges de la Vilaine <a href=\"https:\/\/www.letelegramme.fr\/ille-et-vilaine\/rennes-35000\/a-rennes-a-quoi-ressemblera-le-quartier-baud-chardonnet-en-2032-6498213.php\" target=\"_blank\" rel=\"noopener\">dans le quartier Baud-Chardonnet<\/a>, en travaux depuis le d\u00e9but de l\u2019ann\u00e9e, arrive \u00e0 son but. \u00c9tape cl\u00e9 de ce chantier d\u2019envergure, la digue de Villebois-Mareuil situ\u00e9e rive gauche de la Vilaine, entre le pont Villebois-Mareuil et le remblai SNCF, va \u00eatre d\u00e9truite \u00e0 partir du 17 novembre.<\/p>\n<p>Le rideau \u00ab fortement d\u00e9grad\u00e9 \u00bb<\/p>\n<p>Cette digue, construite dans les ann\u00e9es 1990 et longue de 102 m\u00e8tres, \u00ab apporte une protection contre les crues de la zone inondable situ\u00e9e entre le boulevard Villebois-Mareuil et le stade Jean-Coquelin \u00bb, rappelle la ville de Rennes. Constitu\u00e9 de planches d\u2019acier appel\u00e9es palplanches et d\u2019un couronnement en b\u00e9ton arm\u00e9, ce rideau m\u00e9tallique, fragilis\u00e9 par la corrosion, a fait l\u2019objet d\u2019une \u00e9tude et d\u2019un diagnostic qui ont montr\u00e9 qu\u2019il \u00e9tait \u00ab fortement d\u00e9grad\u00e9 \u00bb.<\/p>\n<p>Rennes M\u00e9tropole et la Ville de Rennes ont donc fait le choix de ne pas restaurer l\u2019ouvrage et de le supprimer <a href=\"https:\/\/www.letelegramme.fr\/ille-et-vilaine\/rennes-35000\/a-rennes-dimportants-travaux-vont-transformer-cette-berge-le-long-de-la-vilaine-6644020.php\" target=\"_blank\" rel=\"noopener\">dans le cadre du r\u00e9am\u00e9nagement et de la renaturation du site<\/a>. \u00ab Les palplanches sont remplac\u00e9es par une berge naturelle constitu\u00e9e d\u2019enrochements en partie basse et d\u2019un talus en partie haute, expliquent la ville et la M\u00e9tropole de Rennes. La topographie des lieux est modifi\u00e9e pour am\u00e9nager une prairie qui servira, comme aux prairies Saint-Martin et aux plages de Baud, de zone d\u2019expansion de crue. \u00bb<\/p>\n<p>\u00ab Un nouveau poste de crue sera install\u00e9 \u00bb<\/p>\n<p>Pour \u00e9viter le risque d\u2019inondation, \u00ab un nouveau poste de crue sera install\u00e9 en retrait de la berge. Il permettra, en cas de crue, d\u2019\u00e9vacuer les eaux pluviales, \u00bb souligne le communiqu\u00e9 de la ville de Rennes. Les travaux, conduits par Rennes M\u00e9tropole, repr\u00e9sentent un budget total de 1,6 million d\u2019euros et font l\u2019objet de plus de 900 000 euros de subventions de l\u2019Agence de l\u2019Eau Loire-Bretagne, dans le cadre de l\u2019appel \u00e0 projets pour la renaturation des villes et villages et l\u2019\u00c9tat, dans le cadre du Fonds vert.<\/p>\n<p>Dans le cadre de <a href=\"https:\/\/www.letelegramme.fr\/ille-et-vilaine\/rennes-35000\/nombre-dhabitants-cout-de-limmobilier-surface-emplois-voici-a-quoi-ressemblent-les-nouveaux-quartiers-de-rennes-6918506.php\" target=\"_blank\" rel=\"noopener\">la ZAC Baud-Chardonnet<\/a>, l\u2019ensemble de la zone sera r\u00e9am\u00e9nag\u00e9 pour cr\u00e9er un espace naturel, en coh\u00e9rence avec le parc des plages de Baud. Huit arbres et des v\u00e9g\u00e9taux seront plant\u00e9s en d\u00e9cembre.<\/p>\n","protected":false},"excerpt":{"rendered":"La renaturation des berges de la Vilaine dans le quartier Baud-Chardonnet, en travaux depuis le d\u00e9but de l\u2019ann\u00e9e,&hellip;\n","protected":false},"author":2,"featured_media":509868,"comment_status":"","ping_status":"","sticky":false,"template":"","format":"standard","meta":{"footnotes":""},"categories":[2821],"tags":[1111,11,829,765,1777,674,1011,27,848,12,584,25],"class_list":{"0":"post-509867","1":"post","2":"type-post","3":"status-publish","4":"format-standard","5":"has-post-thumbnail","7":"category-rennes","8":"tag-actu","9":"tag-actualites","10":"tag-bretagne","11":"tag-en-continu","12":"tag-eu","13":"tag-europe","14":"tag-fr","15":"tag-france","16":"tag-ille-et-vilaine","17":"tag-news","18":"tag-rennes","19":"tag-republique-francaise"},"share_on_mastodon":{"url":"https:\/\/pubeurope.com\/@fr\/115488345526700871","error":""},"_links":{"self":[{"href":"https:\/\/www.europesays.com\/fr\/wp-json\/wp\/v2\/posts\/509867","targetHints":{"allow":["GET"]}}],"collection":[{"href":"https:\/\/www.europesays.com\/fr\/wp-json\/wp\/v2\/posts"}],"about":[{"href":"https:\/\/www.europesays.com\/fr\/wp-json\/wp\/v2\/types\/post"}],"author":[{"embeddable":true,"href":"https:\/\/www.europesays.com\/fr\/wp-json\/wp\/v2\/users\/2"}],"replies":[{"embeddable":true,"href":"https:\/\/www.europesays.com\/fr\/wp-json\/wp\/v2\/comments?post=509867"}],"version-history":[{"count":0,"href":"https:\/\/www.europesays.com\/fr\/wp-json\/wp\/v2\/posts\/509867\/revisions"}],"wp:featuredmedia":[{"embeddable":true,"href":"https:\/\/www.europesays.com\/fr\/wp-json\/wp\/v2\/media\/509868"}],"wp:attachment":[{"href":"https:\/\/www.europesays.com\/fr\/wp-json\/wp\/v2\/media?parent=509867"}],"wp:term":[{"taxonomy":"category","embeddable":true,"href":"https:\/\/www.europesays.com\/fr\/wp-json\/wp\/v2\/categories?post=509867"},{"taxonomy":"post_tag","embeddable":true,"href":"https:\/\/www.europesays.com\/fr\/wp-json\/wp\/v2\/tags?post=509867"}],"curies":[{"name":"wp","href":"https:\/\/api.w.org\/{rel}","templated":true}]}}