{"id":509873,"date":"2025-11-03T23:26:22","date_gmt":"2025-11-03T23:26:22","guid":{"rendered":"https:\/\/www.europesays.com\/fr\/509873\/"},"modified":"2025-11-03T23:26:22","modified_gmt":"2025-11-03T23:26:22","slug":"a-strasbourg-la-cts-met-en-vente-200-paires-de-chaussettes","status":"publish","type":"post","link":"https:\/\/www.europesays.com\/fr\/509873\/","title":{"rendered":"\u00e0 Strasbourg, la CTS met en vente 200 paires de chaussettes"},"content":{"rendered":"<p>    <img loading=\"lazy\" width=\"1800\" height=\"900\" src=\"https:\/\/www.europesays.com\/fr\/wp-content\/uploads\/2025\/08\/jeanne-callthepolice.jpg\" class=\"attachment-full size-full\" alt=\"\" id=\"imageLove\" decoding=\"async\"  \/><\/p>\n<p id=\"breadcrumbs\"><a href=\"https:\/\/pokaa.fr\/\" target=\"_blank\" rel=\"noopener\">Accueil<\/a> \/ <a href=\"https:\/\/pokaa.fr\/categories\/actu\/\" target=\"_blank\" rel=\"noopener\">Info locale<\/a> \/ Ce n\u2019est pas une blague : \u00e0 Strasbourg, la CTS met en vente 200 paires de chaussettes<\/p>\n<p>                    Info locale<\/p>\n<p><b>Le 3 novembre, la CTS a annonc\u00e9 qu\u2019elle allait mettre en vente 200 paires de chaussettes avec le logo de la compagnie strasbourgeoise. Une vente solidaire pour les 10 ans de l\u2019agence commerciale qui aura lieu du 6 au 13 novembre, et dont l\u2019int\u00e9gralit\u00e9 des b\u00e9n\u00e9fices sera revers\u00e9e \u00e0 l\u2019association Solidariteam.<\/b><\/p>\n<p class=\"p1\">Les chaussettes de la CTS, l\u2019histoire d\u2019un poisson d\u2019avril devenu r\u00e9alit\u00e9. Le 1er avril dernier, <b>la Compagnie des transports strasbourgeois annon\u00e7ait lancer ses chaussettes<\/b>. Une plaisanterie li\u00e9e au jour, mais qui a finalement vu le jour le 3 novembre dernier.<\/p>\n<p class=\"p1\"><a href=\"https:\/\/www.facebook.com\/CtsStrasbourg\/posts\/pfbid06SQLcKxF577EyjvRd2dsFSqsK3xdv98Yk2v8RhigfqSLMRrXeFVDMPQKftYFcBcsl\" target=\"_blank\" rel=\"noopener\">Par un post sur leurs r\u00e9seaux sociaux<\/a>, la CTS a cette fois-ci officiellement act\u00e9 le lancement de ses chaussettes. <b>On y retrouve un coloris blanc, avec le rouge de la CTS en contraste, entour\u00e9 de bretzels, de trams et de bus<\/b>. Parfait pour les accorder aux baskets, aux talons et m\u00eame aux claquettes.<\/p>\n<p>                <img width=\"400\" height=\"500\" src=\"https:\/\/www.europesays.com\/fr\/wp-content\/uploads\/2025\/11\/576882532-878921007799023-7943244361228809320-n-400x500.jpg\" class=\"attachment-gallery size-gallery\" alt=\"chaussettes cts\" data-full-url=\"https:\/\/pokaa.fr\/wp-content\/uploads\/2025\/11\/03\/576882532-878921007799023-7943244361228809320-n.jpg\" decoding=\"async\" loading=\"lazy\"  \/>            <\/p>\n<p>                <img width=\"400\" height=\"500\" src=\"https:\/\/www.europesays.com\/fr\/wp-content\/uploads\/2025\/11\/575177955-878920931132364-4616738422782980798-n-400x500.jpg\" class=\"attachment-gallery size-gallery\" alt=\"chaussettes cts\" data-full-url=\"https:\/\/pokaa.fr\/wp-content\/uploads\/2025\/11\/03\/575177955-878920931132364-4616738422782980798-n.jpg\" decoding=\"async\" loading=\"lazy\"  \/>            <\/p>\n<p>                <img width=\"400\" height=\"500\" src=\"https:\/\/www.europesays.com\/fr\/wp-content\/uploads\/2025\/11\/557604000-878920991132358-5671752601549303111-n-400x500.jpg\" class=\"attachment-gallery size-gallery\" alt=\"chaussettes cts\" data-full-url=\"https:\/\/pokaa.fr\/wp-content\/uploads\/2025\/11\/03\/557604000-878920991132358-5671752601549303111-n.jpg\" decoding=\"async\" loading=\"lazy\"  \/>            <\/p>\n<p>                <img width=\"400\" height=\"500\" src=\"https:\/\/www.europesays.com\/fr\/wp-content\/uploads\/2025\/11\/574454278-878920937799030-961246118875989605-n-400x500.jpg\" class=\"attachment-gallery size-gallery\" alt=\"chaussettes cts\" data-full-url=\"https:\/\/pokaa.fr\/wp-content\/uploads\/2025\/11\/03\/574454278-878920937799030-961246118875989605-n.jpg\" decoding=\"async\" loading=\"lazy\"  \/>            <\/p>\n<p>                    \u00a9 CTS \/ Documents remis<\/p>\n<p>Une vente limit\u00e9e, du 6 au 13 novembre<\/p>\n<p class=\"p1\">Pour acqu\u00e9rir ces chaussettes, <b>les Strasbourgeois(es) devront se rendre entre le 6 et le 13 novembre prochain au guichet L de l\u2019agence commerciale situ\u00e9e sur la place Saint-Pierre-le-Vieux<\/b>. Une fa\u00e7on d\u2019honorer de fa\u00e7on rigolote les 10 ans de cette derni\u00e8re.<\/p>\n<p class=\"p1\">Il faudra faire vite, parce que la vente sera limit\u00e9e \u00e0 200 paires, \u00e0 raison de deux maximum par personne. <b>Le prix est fix\u00e9 \u00e0 15 \u20ac par paire, et tous les b\u00e9n\u00e9fices seront revers\u00e9s \u00e0 l\u2019association strasbourgeoise Solidariteam<\/b>, qui oeuvre notamment \u00e0 Hautepierre \u00e0 la mise en place d\u2019actions sociales et solidaires. De quoi \u00eatre le\/la plus styl\u00e9(e) cet automne.<\/p>\n<p>                <img width=\"400\" height=\"500\" src=\"https:\/\/www.europesays.com\/fr\/wp-content\/uploads\/2025\/11\/576845068-878920894465701-3948795068895774212-n-400x500.jpg\" class=\"attachment-gallery size-gallery\" alt=\"chaussettes cts\" data-full-url=\"https:\/\/pokaa.fr\/wp-content\/uploads\/2025\/11\/03\/576845068-878920894465701-3948795068895774212-n.jpg\" decoding=\"async\" loading=\"lazy\"  \/>            <\/p>\n<p>                <img width=\"400\" height=\"500\" src=\"https:\/\/www.europesays.com\/fr\/wp-content\/uploads\/2025\/11\/575121674-878921031132354-2181900412058852659-n-400x500.jpg\" class=\"attachment-gallery size-gallery\" alt=\"chaussettes cts\" data-full-url=\"https:\/\/pokaa.fr\/wp-content\/uploads\/2025\/11\/03\/575121674-878921031132354-2181900412058852659-n.jpg\" decoding=\"async\" loading=\"lazy\"  \/>            <\/p>\n<p>                <img width=\"400\" height=\"500\" src=\"https:\/\/www.europesays.com\/fr\/wp-content\/uploads\/2025\/11\/575111881-878920994465691-5809796599785609485-n-400x500.jpg\" class=\"attachment-gallery size-gallery\" alt=\"chaussettes cts\" data-full-url=\"https:\/\/pokaa.fr\/wp-content\/uploads\/2025\/11\/03\/575111881-878920994465691-5809796599785609485-n.jpg\" decoding=\"async\" loading=\"lazy\"  \/>            <\/p>\n<p>                    \u00a9 CTS \/ Documents remis<\/p>\n","protected":false},"excerpt":{"rendered":"Accueil \/ Info locale \/ Ce n\u2019est pas une blague : \u00e0 Strasbourg, la CTS met en vente&hellip;\n","protected":false},"author":2,"featured_media":509874,"comment_status":"","ping_status":"","sticky":false,"template":"","format":"standard","meta":{"footnotes":""},"categories":[2820],"tags":[1111,917,11,63112,29220,1777,674,1011,27,775,12,25,640,58524],"class_list":{"0":"post-509873","1":"post","2":"type-post","3":"status-publish","4":"format-standard","5":"has-post-thumbnail","7":"category-strasbourg","8":"tag-actu","9":"tag-actu-locale","10":"tag-actualites","11":"tag-chaussettes","12":"tag-cts","13":"tag-eu","14":"tag-europe","15":"tag-fr","16":"tag-france","17":"tag-grand-est","18":"tag-news","19":"tag-republique-francaise","20":"tag-strasbourg","21":"tag-strasbourg-actualite"},"share_on_mastodon":{"url":"https:\/\/pubeurope.com\/@fr\/115488358130009010","error":""},"_links":{"self":[{"href":"https:\/\/www.europesays.com\/fr\/wp-json\/wp\/v2\/posts\/509873","targetHints":{"allow":["GET"]}}],"collection":[{"href":"https:\/\/www.europesays.com\/fr\/wp-json\/wp\/v2\/posts"}],"about":[{"href":"https:\/\/www.europesays.com\/fr\/wp-json\/wp\/v2\/types\/post"}],"author":[{"embeddable":true,"href":"https:\/\/www.europesays.com\/fr\/wp-json\/wp\/v2\/users\/2"}],"replies":[{"embeddable":true,"href":"https:\/\/www.europesays.com\/fr\/wp-json\/wp\/v2\/comments?post=509873"}],"version-history":[{"count":0,"href":"https:\/\/www.europesays.com\/fr\/wp-json\/wp\/v2\/posts\/509873\/revisions"}],"wp:featuredmedia":[{"embeddable":true,"href":"https:\/\/www.europesays.com\/fr\/wp-json\/wp\/v2\/media\/509874"}],"wp:attachment":[{"href":"https:\/\/www.europesays.com\/fr\/wp-json\/wp\/v2\/media?parent=509873"}],"wp:term":[{"taxonomy":"category","embeddable":true,"href":"https:\/\/www.europesays.com\/fr\/wp-json\/wp\/v2\/categories?post=509873"},{"taxonomy":"post_tag","embeddable":true,"href":"https:\/\/www.europesays.com\/fr\/wp-json\/wp\/v2\/tags?post=509873"}],"curies":[{"name":"wp","href":"https:\/\/api.w.org\/{rel}","templated":true}]}}