{"id":50988,"date":"2025-04-25T05:33:16","date_gmt":"2025-04-25T05:33:16","guid":{"rendered":"https:\/\/www.europesays.com\/fr\/50988\/"},"modified":"2025-04-25T05:33:16","modified_gmt":"2025-04-25T05:33:16","slug":"une-victoire-du-fc-grenoble-dans-le-derby-pour-valider-une-place-en-demi-finale","status":"publish","type":"post","link":"https:\/\/www.europesays.com\/fr\/50988\/","title":{"rendered":"une victoire du FC Grenoble dans le derby pour valider une place en demi-finale"},"content":{"rendered":"<p>\t\t\t\t\t\t\t\t\t\t\t<img loading=\"lazy\" decoding=\"async\" width=\"1110\" title=\"Rugby\u00a0: une victoire du FC Grenoble dans le derby pour valider une place en demi-finale\" class=\"img-fluid not_lzld mb-3\" src=\"https:\/\/www.europesays.com\/fr\/wp-content\/uploads\/2025\/04\/1110x624_rugby-une-victoire-du-fc-grenoble-dans-le-derby-pour-valider-une-place-en-demi-finale_680a5\" alt=\"Rugby\u00a0: une victoire du FC Grenoble dans le derby pour valider une place en demi-finale\" itemprop=\"image\" height=\"624\"\/>\t\t\t\t\t\t\t\t\t\t\t\t<\/p>\n<p>Rugby\u00a0: une victoire du FC Grenoble dans le derby pour valider une place en demi-finale &#8211; DR FCG<\/p>\n<p itemprop=\"description\"><strong>Ce vendredi soir, \u00e0 19h30, le FC Grenoble Rugby re\u00e7oit Oyonnax au stade des Alpes pour la 28e\u00a0journ\u00e9e de Pro D2. Les Is\u00e9rois peuvent d\u00e9j\u00e0 assurer une place en demi-finale d\u2019accession.<\/strong><\/p>\n<p class=\"x_MsoNormal\" style=\"color: #242424; font-style: normal; font-variant-ligatures: normal; font-variant-caps: normal; font-weight: 400; letter-spacing: normal; orphans: 2; text-align: start; text-indent: 0px; text-transform: none; widows: 2; word-spacing: 0px; -webkit-text-stroke-width: 0px; white-space: normal; background-color: #ffffff; text-decoration-thickness: initial; text-decoration-style: initial; text-decoration-color: initial; margin: 0cm 0cm 8pt; line-height: 18.4px; font-size: 12pt; font-family: Calibri, sans-serif;\">\u00c0 trois journ\u00e9es de la fin de la saison r\u00e9guli\u00e8re, le FC Grenoble pointe en t\u00eate du classement de Pro D2, avec six points d\u2019avance sur le dauphin briviste. Pour cette 28e\u00a0et ant\u00e9p\u00e9nulti\u00e8me journ\u00e9e de championnat, les Is\u00e9rois re\u00e7oivent Oyonnax (10e), ce vendredi \u00e0 19h30 (Canal+ Live 3).<\/p>\n<p class=\"x_MsoNormal\" style=\"color: #242424; font-style: normal; font-variant-ligatures: normal; font-variant-caps: normal; font-weight: 400; letter-spacing: normal; orphans: 2; text-align: start; text-indent: 0px; text-transform: none; widows: 2; word-spacing: 0px; -webkit-text-stroke-width: 0px; white-space: normal; background-color: #ffffff; text-decoration-thickness: initial; text-decoration-style: initial; text-decoration-color: initial; margin: 0cm 0cm 8pt; line-height: 18.4px; font-size: 12pt; font-family: Calibri, sans-serif;\"><strong>Une victoire pour basculer sur une autre comp\u00e9tition<\/strong><\/p>\n<p class=\"x_MsoNormal\" style=\"color: #242424; font-style: normal; font-variant-ligatures: normal; font-variant-caps: normal; font-weight: 400; letter-spacing: normal; orphans: 2; text-align: start; text-indent: 0px; text-transform: none; widows: 2; word-spacing: 0px; -webkit-text-stroke-width: 0px; white-space: normal; background-color: #ffffff; text-decoration-thickness: initial; text-decoration-style: initial; text-decoration-color: initial; margin: 0cm 0cm 8pt; line-height: 18.4px; font-size: 12pt; font-family: Calibri, sans-serif;\">Afin de se mettre d\u00e9finitivement \u00e0 l\u2019abri et d\u2019atteindre les demi-finales d\u2019accession au Top 14, les hommes d\u2019Aubin Hueber n\u2019ont plus qu\u2019\u00e0 s\u2019imposer dans le derby. En effet, une victoire \u00e0 domicile leur permettrait d\u2019assurer les deux premi\u00e8res places et donc d\u2019\u00e9viter les barrages.<\/p>\n<p class=\"x_MsoNormal\" style=\"color: #242424; font-style: normal; font-variant-ligatures: normal; font-variant-caps: normal; font-weight: 400; letter-spacing: normal; orphans: 2; text-align: start; text-indent: 0px; text-transform: none; widows: 2; word-spacing: 0px; -webkit-text-stroke-width: 0px; white-space: normal; background-color: #ffffff; text-decoration-thickness: initial; text-decoration-style: initial; text-decoration-color: initial; margin: 0cm 0cm 8pt; line-height: 18.4px; font-size: 12pt; font-family: Calibri, sans-serif;\">Pour rappel, seul le vainqueur de la finale est directement promu dans l\u2019\u00e9lite. Le finaliste, quant \u00e0 lui, devra affronter l\u2019avant-dernier du Top 14 pour tenter de monter.<\/p>\n<p class=\"x_MsoNormal\" style=\"color: #242424; font-style: normal; font-variant-ligatures: normal; font-variant-caps: normal; font-weight: 400; letter-spacing: normal; orphans: 2; text-align: start; text-indent: 0px; text-transform: none; widows: 2; word-spacing: 0px; -webkit-text-stroke-width: 0px; white-space: normal; background-color: #ffffff; text-decoration-thickness: initial; text-decoration-style: initial; text-decoration-color: initial; margin: 0cm 0cm 8pt; line-height: 18.4px; font-size: 12pt; font-family: Calibri, sans-serif;\">\u00c0 noter que le FCG dispose d&rsquo;une v\u00e9ritable forteresse au stade des Alpes, avec 13 victoires \u00e0 domicile en autant de matchs cette saison.<\/p>\n","protected":false},"excerpt":{"rendered":"Rugby\u00a0: une victoire du FC Grenoble dans le derby pour valider une place en demi-finale &#8211; DR FCG&hellip;\n","protected":false},"author":2,"featured_media":50989,"comment_status":"","ping_status":"","sticky":false,"template":"","format":"standard","meta":{"footnotes":""},"categories":[9566],"tags":[1111,11,7733,8279,2430,7736,650,7734,2889,2263,1777,674,1011,27,2731,8280,6417,1114,108,4662,12,3725,1825,25,7737],"class_list":{"0":"post-50988","1":"post","2":"type-post","3":"status-publish","4":"format-standard","5":"has-post-thumbnail","7":"category-grenoble","8":"tag-actu","9":"tag-actualites","10":"tag-alpes","11":"tag-alpes1","12":"tag-auvergne-rhone-alpes","13":"tag-cds","14":"tag-cinema","15":"tag-ecoute","16":"tag-emission","17":"tag-equipe","18":"tag-eu","19":"tag-europe","20":"tag-fr","21":"tag-france","22":"tag-grenoble","23":"tag-haute","24":"tag-information","25":"tag-infos","26":"tag-isere","27":"tag-journal","28":"tag-news","29":"tag-podcast","30":"tag-radio","31":"tag-republique-francaise","32":"tag-winamp"},"share_on_mastodon":{"url":"https:\/\/pubeurope.com\/@fr\/114396974502770353","error":""},"_links":{"self":[{"href":"https:\/\/www.europesays.com\/fr\/wp-json\/wp\/v2\/posts\/50988","targetHints":{"allow":["GET"]}}],"collection":[{"href":"https:\/\/www.europesays.com\/fr\/wp-json\/wp\/v2\/posts"}],"about":[{"href":"https:\/\/www.europesays.com\/fr\/wp-json\/wp\/v2\/types\/post"}],"author":[{"embeddable":true,"href":"https:\/\/www.europesays.com\/fr\/wp-json\/wp\/v2\/users\/2"}],"replies":[{"embeddable":true,"href":"https:\/\/www.europesays.com\/fr\/wp-json\/wp\/v2\/comments?post=50988"}],"version-history":[{"count":0,"href":"https:\/\/www.europesays.com\/fr\/wp-json\/wp\/v2\/posts\/50988\/revisions"}],"wp:featuredmedia":[{"embeddable":true,"href":"https:\/\/www.europesays.com\/fr\/wp-json\/wp\/v2\/media\/50989"}],"wp:attachment":[{"href":"https:\/\/www.europesays.com\/fr\/wp-json\/wp\/v2\/media?parent=50988"}],"wp:term":[{"taxonomy":"category","embeddable":true,"href":"https:\/\/www.europesays.com\/fr\/wp-json\/wp\/v2\/categories?post=50988"},{"taxonomy":"post_tag","embeddable":true,"href":"https:\/\/www.europesays.com\/fr\/wp-json\/wp\/v2\/tags?post=50988"}],"curies":[{"name":"wp","href":"https:\/\/api.w.org\/{rel}","templated":true}]}}