{"id":509881,"date":"2025-11-03T23:31:15","date_gmt":"2025-11-03T23:31:15","guid":{"rendered":"https:\/\/www.europesays.com\/fr\/509881\/"},"modified":"2025-11-03T23:31:15","modified_gmt":"2025-11-03T23:31:15","slug":"alternative-au-tram-ou-au-bus-un-nouvel-operateur-de-freefloating-debarque-a-laeroport-de-bordeaux","status":"publish","type":"post","link":"https:\/\/www.europesays.com\/fr\/509881\/","title":{"rendered":"Alternative au tram ou au bus, un nouvel op\u00e9rateur de freefloating d\u00e9barque \u00e0 l&rsquo;a\u00e9roport de Bordeaux"},"content":{"rendered":"<p>            Par<br \/>\n        <strong><br \/>\n            <a href=\"https:\/\/actu.fr\/auteur\/redaction-bordeaux\" title=\"Consulter tous les articles de R\u00e9daction Bordeaux\" target=\"_blank\" rel=\"noopener\">R\u00e9daction Bordeaux<\/a><br \/>\n        <\/strong><\/p>\n<p>        Publi\u00e9 le<\/p>\n<p>            3 nov. 2025 \u00e0 17h08        <\/p>\n<p><strong>Pony<\/strong> a d\u00e9barqu\u00e9 \u00e0 l\u2019<a href=\"https:\/\/actu.fr\/tag\/aeroport-de-bordeaux\" target=\"_blank\" rel=\"noopener\">a\u00e9roport de Bordeaux<\/a> avec ses <a href=\"https:\/\/actu.fr\/tag\/trottinette-electrique\" target=\"_blank\" rel=\"noopener\">trottinettes<\/a> et <a href=\"https:\/\/actu.fr\/tag\/velo-electrique\" target=\"_blank\" rel=\"noopener\">v\u00e9los \u00e9lectriques<\/a>, depuis le 1er novembre 2025.<\/p>\n<p class=\" wall-content\">L\u2019op\u00e9rateur compl\u00e8te l\u2019offre de freefloating sur place car <strong>eDOG<\/strong> et <strong>Yego<\/strong> avaient d\u00e9j\u00e0 mis \u00e0 disposition des scooters en location libre-service, <strong>Bird<\/strong> des v\u00e9los \u00e9lectriques et <strong>Dott<\/strong>, des trottinettes \u00e9lectriques.<\/p>\n<p class=\" wall-content\">Les engins Pony, d\u00e9j\u00e0 d\u00e9ploy\u00e9s dans l\u2019agglom\u00e9ration bordelaise, sont disponibles au niveau du parking \u00e0 v\u00e9lo de l\u2019a\u00e9roport devant le Hall A. Pour les louer, il suffit de se rendre sur l\u2019application d\u00e9di\u00e9e.<\/p>\n<p class=\" wall-content\">Personnalisez votre actualit\u00e9 en ajoutant vos villes et m\u00e9dias en favori avec <a href=\"https:\/\/moncompte.actu.fr\" title=\"D\u00e9couvez Mon Actu\" rel=\"nofollow noopener\" data-trk=\"{&quot;cta&quot;:{&quot;action&quot;:&quot;https:\\\/\\\/moncompte.actu.fr&quot;,&quot;category&quot;:&quot;mon compte&quot;,&quot;from&quot;:&quot;article footer&quot;,&quot;name&quot;:&quot;Mon actu&quot;,&quot;type&quot;:&quot;cta&quot;}}\" target=\"_blank\">Mon Actu<\/a>.<\/p>\n","protected":false},"excerpt":{"rendered":"Par R\u00e9daction Bordeaux Publi\u00e9 le 3 nov. 2025 \u00e0 17h08 Pony a d\u00e9barqu\u00e9 \u00e0 l\u2019a\u00e9roport de Bordeaux avec&hellip;\n","protected":false},"author":2,"featured_media":17471,"comment_status":"","ping_status":"","sticky":false,"template":"","format":"standard","meta":{"footnotes":""},"categories":[2817],"tags":[1111,11,7058,1997,1777,674,1011,27,12,2219,25,104,6960,3459],"class_list":{"0":"post-509881","1":"post","2":"type-post","3":"status-publish","4":"format-standard","5":"has-post-thumbnail","7":"category-bordeaux","8":"tag-actu","9":"tag-actualites","10":"tag-aeroport-de-bordeaux","11":"tag-bordeaux","12":"tag-eu","13":"tag-europe","14":"tag-fr","15":"tag-france","16":"tag-news","17":"tag-nouvelle-aquitaine","18":"tag-republique-francaise","19":"tag-societe","20":"tag-trottinette-electrique","21":"tag-velo-electrique"},"share_on_mastodon":{"url":"https:\/\/pubeurope.com\/@fr\/115488377060994075","error":""},"_links":{"self":[{"href":"https:\/\/www.europesays.com\/fr\/wp-json\/wp\/v2\/posts\/509881","targetHints":{"allow":["GET"]}}],"collection":[{"href":"https:\/\/www.europesays.com\/fr\/wp-json\/wp\/v2\/posts"}],"about":[{"href":"https:\/\/www.europesays.com\/fr\/wp-json\/wp\/v2\/types\/post"}],"author":[{"embeddable":true,"href":"https:\/\/www.europesays.com\/fr\/wp-json\/wp\/v2\/users\/2"}],"replies":[{"embeddable":true,"href":"https:\/\/www.europesays.com\/fr\/wp-json\/wp\/v2\/comments?post=509881"}],"version-history":[{"count":0,"href":"https:\/\/www.europesays.com\/fr\/wp-json\/wp\/v2\/posts\/509881\/revisions"}],"wp:featuredmedia":[{"embeddable":true,"href":"https:\/\/www.europesays.com\/fr\/wp-json\/wp\/v2\/media\/17471"}],"wp:attachment":[{"href":"https:\/\/www.europesays.com\/fr\/wp-json\/wp\/v2\/media?parent=509881"}],"wp:term":[{"taxonomy":"category","embeddable":true,"href":"https:\/\/www.europesays.com\/fr\/wp-json\/wp\/v2\/categories?post=509881"},{"taxonomy":"post_tag","embeddable":true,"href":"https:\/\/www.europesays.com\/fr\/wp-json\/wp\/v2\/tags?post=509881"}],"curies":[{"name":"wp","href":"https:\/\/api.w.org\/{rel}","templated":true}]}}