{"id":509892,"date":"2025-11-03T23:37:21","date_gmt":"2025-11-03T23:37:21","guid":{"rendered":"https:\/\/www.europesays.com\/fr\/509892\/"},"modified":"2025-11-03T23:37:21","modified_gmt":"2025-11-03T23:37:21","slug":"the-voice-annonce-une-15e-saison-le-marseillais-tayc-nouveau-coach-aux-cotes-de-florent-pagny","status":"publish","type":"post","link":"https:\/\/www.europesays.com\/fr\/509892\/","title":{"rendered":"The Voice annonce une 15e saison, le Marseillais Tayc nouveau coach aux c\u00f4t\u00e9s de Florent Pagny"},"content":{"rendered":"<p class=\"rev-margin-0 rev-text-xs-normal\">Le chanteur Tayc rejoint l&rsquo;aventure The Voice. Pour la production, la pr\u00e9sence du Marseillais \u00ab\u00a0est la promesse d&rsquo;un vent de fra\u00eecheur et d&rsquo;une vision artistique nouvelle\u00a0\u00bb.<\/p>\n<p class=\"rev-margin-0 rev-text-xs-bold\">\/ PHOTO FRANCK PENNANT (ARCHIVES LA PROVENCE)<\/p>\n<p>Qui sera la plus belle voix ? <strong>The Voice<\/strong>, la c\u00e9l\u00e8bre \u00e9mission de t\u00e9l\u00e9crochet de TF1, revient prochainement pour une 15e saison. La cha\u00eene a d\u00e9voil\u00e9 ce lundi 3 novembre dans un communiqu\u00e9 le quatuor de coaches qui sera pr\u00e9sent pour cette \u00e9dition.\u00a0<\/p>\n<p>Florent Pagny, incontournable<\/p>\n<p>Lors de la pr\u00e9c\u00e9dente saison, diffus\u00e9e au printemps dernier, Florent Pagny a une nouvelle fois connu la victoire avec ses talents \u00ab\u00a0Il Cello\u00a0\u00bb. Un trio qu&rsquo;il a lui m\u00eame compos\u00e9 avec notamment l&rsquo;artiste marseillais Levon qui avait \u00e9mu l&rsquo;ensemble des coaches avec sa reprise du titre \u00ab\u00a0Evidemment\u00a0\u00bb accompagn\u00e9 de son Duduk.<\/p>\n<p>\u00c0 ses c\u00f4t\u00e9s, Florent Pagny retrouvera Lara Fabian. La chanteuse \u00e0 la voix puissante avait occup\u00e9 un des fauteuils en 2020 lors d&rsquo;une \u00e9dition un peu sp\u00e9ciale, sans spectateur, en raison de la pand\u00e9mie. \u00ab\u00a0Auteure, compositrice et interpr\u00e8te, sa voix en or avec sa tessiture rare de 4 octaves, est synonyme de justesse, d&rsquo;\u00e9motion et de perfection. Lara Fabian apporte cette bienveillance, cette exigence artistique et cette profondeur \u00e9motionnelle qui font d&rsquo;elle une coach rare et pr\u00e9cieuse\u00a0\u00bb, commente la production.<\/p>\n<p>Une autre chanteuse retrouve l&rsquo;\u00e9mission : Amel Bent. Avec sa passion, la chanteuse r\u00e9ussit souvent \u00e0 convaincre de grands talents \u00e0 la rejoindre comme lors de son passage dans l&rsquo;\u00e9mission de la saison 9 \u00e0 la saison 12. \u00ab\u00a0Authentique, sinc\u00e8re, passionn\u00e9e, elle incarne cette force \u00e9motionnelle unique qui touche en plein c\u0153ur.\u00a0\u00bb<\/p>\n<p>Enfin, un petit nouveau rejoint la famille \u00ab\u00a0The Voice\u00a0\u00bb : Tayc. Le Marseillais, dont les productions m\u00ealent R&amp;B, soul et sonorit\u00e9s africaines va apporter un nouvel univers au programme. \u00ab\u00a0Son arriv\u00e9e dans le fauteuil rouge est la promesse d&rsquo;un vent de fra\u00eecheur et d&rsquo;une vision artistique nouvelle sur la comp\u00e9tition\u00a0\u00bb, se r\u00e9jouit la production.\u00a0<\/p>\n<p>Pour l&rsquo;heure, aucune date de diffusion n&rsquo;a \u00e9t\u00e9 communiqu\u00e9e&#8230;<\/p>\n","protected":false},"excerpt":{"rendered":"Le chanteur Tayc rejoint l&rsquo;aventure The Voice. Pour la production, la pr\u00e9sence du Marseillais \u00ab\u00a0est la promesse d&rsquo;un&hellip;\n","protected":false},"author":2,"featured_media":509893,"comment_status":"","ping_status":"","sticky":false,"template":"","format":"standard","meta":{"footnotes":""},"categories":[2814],"tags":[16883,17,1111,11,2562,251,1777,674,1011,27,761,884,12,882,25,3242,3989,96,3990],"class_list":{"0":"post-509892","1":"post","2":"type-post","3":"status-publish","4":"format-standard","5":"has-post-thumbnail","7":"category-marseille","8":"tag-15e","9":"tag-17","10":"tag-actu","11":"tag-actualites","12":"tag-annonce","13":"tag-culture","14":"tag-eu","15":"tag-europe","16":"tag-fr","17":"tag-france","18":"tag-marseillais","19":"tag-marseille","20":"tag-news","21":"tag-provence-alpes-cote-dazur","22":"tag-republique-francaise","23":"tag-saison","24":"tag-the","25":"tag-une","26":"tag-voice"},"share_on_mastodon":{"url":"https:\/\/pubeurope.com\/@fr\/115488400628882564","error":""},"_links":{"self":[{"href":"https:\/\/www.europesays.com\/fr\/wp-json\/wp\/v2\/posts\/509892","targetHints":{"allow":["GET"]}}],"collection":[{"href":"https:\/\/www.europesays.com\/fr\/wp-json\/wp\/v2\/posts"}],"about":[{"href":"https:\/\/www.europesays.com\/fr\/wp-json\/wp\/v2\/types\/post"}],"author":[{"embeddable":true,"href":"https:\/\/www.europesays.com\/fr\/wp-json\/wp\/v2\/users\/2"}],"replies":[{"embeddable":true,"href":"https:\/\/www.europesays.com\/fr\/wp-json\/wp\/v2\/comments?post=509892"}],"version-history":[{"count":0,"href":"https:\/\/www.europesays.com\/fr\/wp-json\/wp\/v2\/posts\/509892\/revisions"}],"wp:featuredmedia":[{"embeddable":true,"href":"https:\/\/www.europesays.com\/fr\/wp-json\/wp\/v2\/media\/509893"}],"wp:attachment":[{"href":"https:\/\/www.europesays.com\/fr\/wp-json\/wp\/v2\/media?parent=509892"}],"wp:term":[{"taxonomy":"category","embeddable":true,"href":"https:\/\/www.europesays.com\/fr\/wp-json\/wp\/v2\/categories?post=509892"},{"taxonomy":"post_tag","embeddable":true,"href":"https:\/\/www.europesays.com\/fr\/wp-json\/wp\/v2\/tags?post=509892"}],"curies":[{"name":"wp","href":"https:\/\/api.w.org\/{rel}","templated":true}]}}