{"id":509894,"date":"2025-11-03T23:38:15","date_gmt":"2025-11-03T23:38:15","guid":{"rendered":"https:\/\/www.europesays.com\/fr\/509894\/"},"modified":"2025-11-03T23:38:15","modified_gmt":"2025-11-03T23:38:15","slug":"discrimination-a-marseille-cette-ville-qui-se-revait-multiculturelle-est-devenue-une-ville-multi-discriminatoire","status":"publish","type":"post","link":"https:\/\/www.europesays.com\/fr\/509894\/","title":{"rendered":"Discrimination \u00e0 Marseille: \u00abCette ville qui se r\u00eavait multiculturelle est devenue une ville multi-discriminatoire\u00bb"},"content":{"rendered":"<p class=\"t-content__chapo\">\n                                                \u00ab\u00a0Mort aux arabes\u00a0\u00bb. Il y a quelques semaines, \u00e0 Marseille, ces mots ont \u00e9t\u00e9 tagu\u00e9s sur la porte du bureau d\u2019Audrey Garino, une adjointe au maire. Dans un contexte \u00e9lectoral tendu autour des questions d\u2019identit\u00e9, un collectif d\u2019une vingtaine d\u2019associations s\u2019est mont\u00e9 dans la ville.\u00a0Stop Stigmatisation d\u00e9nonce dans un manifeste \u00ab un climat naus\u00e9abond\u00a0\u00bb et la lib\u00e9ration d\u2019une parole raciste dans une ville connue pour \u00eatre multiculturelle. \u00c0 Marseille, entre 50 000 et 100\u00a0000 personnes sont issues de la diaspora comorienne, environ 300 000 de la diaspora alg\u00e9rienne. Par le biais d\u2019une p\u00e9tition, le collectif Stop Stigmatisation exige la fin de la banalisation du racisme. Mais, surtout, des am\u00e9liorations pour les g\u00e9n\u00e9rations \u00e0 venir. Reportage de notre correspondante \u00e0 Marseille Zo\u00e9 Cottin.                    <\/p>\n<p><img decoding=\"async\" fetchpriority=\"low\" src=\"https:\/\/www.europesays.com\/fr\/wp-content\/uploads\/2025\/11\/GettyImages-1218222333.jpg\"   width=\"1024\" height=\"576\" alt=\"Une manifestation sur la place du Vieux Port \u00e0 Marseille, dans le sud de la France. (Image d'illustration)\" loading=\"eager\" class=\"a-img \"\/><\/p>\n<p>                Une manifestation sur la place du Vieux Port \u00e0 Marseille, dans le sud de la France. (Image d&rsquo;illustration)                SOPA Images\/LightRocket via Gett &#8211; SOPA Images            <\/p>\n<p class=\"a-read-more\">\u00a0<\/p>\n<p class=\"a-read-more\">\u00c0 lire aussi<a href=\"https:\/\/www.rfi.fr\/fr\/france\/20250322-france-des-dizaines-de-milliers-de-personnes-dans-la-rue-contre-le-racisme\" target=\"_self\" class=\"a-read-more__link\" rel=\"noopener\">France: des dizaines de milliers de personnes dans la rue contre le racisme<\/a><\/p>\n","protected":false},"excerpt":{"rendered":"\u00ab\u00a0Mort aux arabes\u00a0\u00bb. Il y a quelques semaines, \u00e0 Marseille, ces mots ont \u00e9t\u00e9 tagu\u00e9s sur la porte&hellip;\n","protected":false},"author":2,"featured_media":509895,"comment_status":"","ping_status":"","sticky":false,"template":"","format":"standard","meta":{"footnotes":""},"categories":[2814],"tags":[1111,11,1777,674,1011,27,884,12,882,10162,5920,25],"class_list":{"0":"post-509894","1":"post","2":"type-post","3":"status-publish","4":"format-standard","5":"has-post-thumbnail","7":"category-marseille","8":"tag-actu","9":"tag-actualites","10":"tag-eu","11":"tag-europe","12":"tag-fr","13":"tag-france","14":"tag-marseille","15":"tag-news","16":"tag-provence-alpes-cote-dazur","17":"tag-racisme","18":"tag-reportage-france","19":"tag-republique-francaise"},"share_on_mastodon":{"url":"https:\/\/pubeurope.com\/@fr\/115488405372040668","error":""},"_links":{"self":[{"href":"https:\/\/www.europesays.com\/fr\/wp-json\/wp\/v2\/posts\/509894","targetHints":{"allow":["GET"]}}],"collection":[{"href":"https:\/\/www.europesays.com\/fr\/wp-json\/wp\/v2\/posts"}],"about":[{"href":"https:\/\/www.europesays.com\/fr\/wp-json\/wp\/v2\/types\/post"}],"author":[{"embeddable":true,"href":"https:\/\/www.europesays.com\/fr\/wp-json\/wp\/v2\/users\/2"}],"replies":[{"embeddable":true,"href":"https:\/\/www.europesays.com\/fr\/wp-json\/wp\/v2\/comments?post=509894"}],"version-history":[{"count":0,"href":"https:\/\/www.europesays.com\/fr\/wp-json\/wp\/v2\/posts\/509894\/revisions"}],"wp:featuredmedia":[{"embeddable":true,"href":"https:\/\/www.europesays.com\/fr\/wp-json\/wp\/v2\/media\/509895"}],"wp:attachment":[{"href":"https:\/\/www.europesays.com\/fr\/wp-json\/wp\/v2\/media?parent=509894"}],"wp:term":[{"taxonomy":"category","embeddable":true,"href":"https:\/\/www.europesays.com\/fr\/wp-json\/wp\/v2\/categories?post=509894"},{"taxonomy":"post_tag","embeddable":true,"href":"https:\/\/www.europesays.com\/fr\/wp-json\/wp\/v2\/tags?post=509894"}],"curies":[{"name":"wp","href":"https:\/\/api.w.org\/{rel}","templated":true}]}}