{"id":509900,"date":"2025-11-03T23:42:16","date_gmt":"2025-11-03T23:42:16","guid":{"rendered":"https:\/\/www.europesays.com\/fr\/509900\/"},"modified":"2025-11-03T23:42:16","modified_gmt":"2025-11-03T23:42:16","slug":"namibie-lafrique-hors-du-temps-panoramas","status":"publish","type":"post","link":"https:\/\/www.europesays.com\/fr\/509900\/","title":{"rendered":"Namibie : L&rsquo;Afrique hors du temps &#8211; Panoramas"},"content":{"rendered":"<p id=\"descriptionPanel\" class=\"text-secondary mr-2 line-clamp-2 pr-2.5 overflow-visible\">En Namibie, la vie a su s&rsquo;adapter pour perdurer. Il suffit d&rsquo;une journ\u00e9e de vent ou d&rsquo;une heure de pluie pour que le d\u00e9cor se transforme. Des d\u00e9serts au couleur de rouille aux r\u00e9serves d\u2019animaux, des espaces infinis aux c\u00f4tes d\u00e9sertes de l\u2019Atlantique, ce pays est une v\u00e9ritable \u00ab\u00a0terre promise\u00a0\u00bb aux richesses insoup\u00e7onn\u00e9es.<\/p>\n<p>Afficher la version longue du r\u00e9sum\u00e9<a class=\"shrink-0\" href=\"https:\/\/www.tf1.fr\/le-figaro\/panoramas\" target=\"_blank\" rel=\"noopener\"><img decoding=\"async\" src=\"https:\/\/www.europesays.com\/fr\/wp-content\/uploads\/2025\/11\/panoramas-1748344181-b1e7a7-ec2845-0@1x.jpg\" width=\"138\" height=\"184\" alt=\"\" loading=\"eager\" fetchpriority=\"auto\" class=\"rounded-3px aspect-[3\/4] h-24 w-auto\" aria-hidden=\"true\"\/><\/a><\/p>\n<p>51m<\/p>\n<p><img decoding=\"async\" src=\"https:\/\/www.europesays.com\/fr\/wp-content\/uploads\/2025\/05\/lefigaro-logo-editeur-a24114-19ceaf-0@3x.png\" alt=\"Le Figaro\" loading=\"eager\" class=\"h-5 w-14\" fetchpriority=\"auto\"\/>4 nov. 2025 \u00e0 00:00<\/p>\n","protected":false},"excerpt":{"rendered":"En Namibie, la vie a su s&rsquo;adapter pour perdurer. Il suffit d&rsquo;une journ\u00e9e de vent ou d&rsquo;une heure&hellip;\n","protected":false},"author":2,"featured_media":509901,"comment_status":"","ping_status":"","sticky":false,"template":"","format":"standard","meta":{"footnotes":""},"categories":[1592],"tags":[1111,11,2889,62542,63114,63115,1777,674,1011,27,662,12,48236,63116,63117,63113,63125,63129,63121,63124,63128,63120,626,25,63126,63127,63122,63123,63118,63119],"class_list":{"0":"post-509900","1":"post","2":"type-post","3":"status-publish","4":"format-standard","5":"has-post-thumbnail","7":"category-ile-de-france","8":"tag-actu","9":"tag-actualites","10":"tag-emission","11":"tag-emission-le-figaro-tv","12":"tag-emission-panoramas","13":"tag-emission-panoramas-le-figaro-tv","14":"tag-eu","15":"tag-europe","16":"tag-fr","17":"tag-france","18":"tag-ile-de-france","19":"tag-news","20":"tag-panoramas","21":"tag-panoramas-emission","22":"tag-panoramas-emission-le-figaro-tv","23":"tag-panoramas-le-figaro-tv","24":"tag-panoramas-le-figaro-tv-streaming","25":"tag-panoramas-le-figaro-tv-streaming-gratuit","26":"tag-panoramas-le-figaro-tv-video","27":"tag-panoramas-streaming","28":"tag-panoramas-streaming-gratuit","29":"tag-panoramas-video","30":"tag-paris","31":"tag-republique-francaise","32":"tag-streaming-gratuit-panoramas","33":"tag-streaming-gratuit-panoramas-le-figaro-tv","34":"tag-streaming-panoramas","35":"tag-streaming-panoramas-le-figaro-tv","36":"tag-video-panoramas","37":"tag-video-panoramas-le-figaro-tv"},"share_on_mastodon":{"url":"","error":"Validation failed: Text character limit of 500 exceeded"},"_links":{"self":[{"href":"https:\/\/www.europesays.com\/fr\/wp-json\/wp\/v2\/posts\/509900","targetHints":{"allow":["GET"]}}],"collection":[{"href":"https:\/\/www.europesays.com\/fr\/wp-json\/wp\/v2\/posts"}],"about":[{"href":"https:\/\/www.europesays.com\/fr\/wp-json\/wp\/v2\/types\/post"}],"author":[{"embeddable":true,"href":"https:\/\/www.europesays.com\/fr\/wp-json\/wp\/v2\/users\/2"}],"replies":[{"embeddable":true,"href":"https:\/\/www.europesays.com\/fr\/wp-json\/wp\/v2\/comments?post=509900"}],"version-history":[{"count":0,"href":"https:\/\/www.europesays.com\/fr\/wp-json\/wp\/v2\/posts\/509900\/revisions"}],"wp:featuredmedia":[{"embeddable":true,"href":"https:\/\/www.europesays.com\/fr\/wp-json\/wp\/v2\/media\/509901"}],"wp:attachment":[{"href":"https:\/\/www.europesays.com\/fr\/wp-json\/wp\/v2\/media?parent=509900"}],"wp:term":[{"taxonomy":"category","embeddable":true,"href":"https:\/\/www.europesays.com\/fr\/wp-json\/wp\/v2\/categories?post=509900"},{"taxonomy":"post_tag","embeddable":true,"href":"https:\/\/www.europesays.com\/fr\/wp-json\/wp\/v2\/tags?post=509900"}],"curies":[{"name":"wp","href":"https:\/\/api.w.org\/{rel}","templated":true}]}}