{"id":509913,"date":"2025-11-03T23:50:13","date_gmt":"2025-11-03T23:50:13","guid":{"rendered":"https:\/\/www.europesays.com\/fr\/509913\/"},"modified":"2025-11-03T23:50:13","modified_gmt":"2025-11-03T23:50:13","slug":"lecosse-une-destination-plebiscitee-par-les-etudiants-americains-face-a-la-politique-de-trump","status":"publish","type":"post","link":"https:\/\/www.europesays.com\/fr\/509913\/","title":{"rendered":"L\u2019\u00c9cosse: une destination pl\u00e9biscit\u00e9e par les \u00e9tudiants am\u00e9ricains face \u00e0 la politique de Trump"},"content":{"rendered":"<p>\n                                                Elles font partie des cibles pr\u00e9f\u00e9r\u00e9es de Donald Trump depuis son retour \u00e0 la Maison Blanche : les universit\u00e9s. Entre retrait des financements de certains dipl\u00f4mes, la diabolisation de certains \u00e9tablissements r\u00e9put\u00e9s et l\u2019arrestation d\u2019\u00e9tudiants issus de l\u2019immigration au sein m\u00eame des campus. Faire ses \u00e9tudes aux \u00c9tats-Unis ne fait plus r\u00eaver, et cela fait le bonheur des universit\u00e9s \u00e9cossaises. Si l\u2019\u00c9cosse a toujours \u00e9t\u00e9 une destination populaire pour les \u00e9tudiants am\u00e9ricains, dans certaines institutions, ils repr\u00e9sentent un \u00e9tudiant sur cinq. Reportage \u00e0 l\u2019universit\u00e9 d\u2019\u00c9dimbourg pour rencontrer ces expatri\u00e9s.                    <\/p>\n<p>Entre les b\u00e2timents de verre et de briques des d\u00e9partements de l\u2019universit\u00e9 d\u2019\u00c9dimbourg, des \u00e9tudiants de toutes origines, mais quelques accents am\u00e9ricains se d\u00e9gagent du brouhaha. Gabby est arriv\u00e9e cette ann\u00e9e\u00a0: \u00ab\u00a0Je suis en master de politiques publiques compar\u00e9es. Mon mari a \u00e9t\u00e9 re\u00e7u \u00e0 l\u2019universit\u00e9 en premier, je voulais reprendre un master et c\u2019\u00e9tait le plus simple pour avoir un visa et le rejoindre. Mais maintenant que je suis l\u00e0, on le vit un peu comme une mani\u00e8re de fuir ce qui se passe chez nous : le d\u00e9financement de la recherche universitaire, les arrestations d\u2019\u00e9tudiants ayant manifest\u00e9, nous sommes inquiets.\u00a0\u00bb<\/p>\n<p>Pr\u00e8s d\u2019un \u00e9tudiant sur dix ici vient des <strong><a href=\"https:\/\/www.rfi.fr\/fr\/tag\/\u00e9tats-unis\/\" target=\"_self\" class=\"gtm-add-suggested-tag\" rel=\"noopener\">\u00c9tats-Unis<\/a><\/strong>. Une tendance loin d\u2019\u00eatre nouvelle : \u00e9lu au comit\u00e9 des \u00e9tudiants et originaire du New Jersey, John Rappa a franchi l\u2019Atlantique en 2019\u00a0: \u00ab\u00a0J\u2019aurais pu trouver une universit\u00e9 abordable aux \u00c9tats-Unis, mais une institution aussi r\u00e9put\u00e9e qu\u2019\u00c9dimbourg aurait \u00e9t\u00e9 hors de mes moyens. Frais de visa et frais de scolarit\u00e9 inclus, dans une monnaie plus forte que le dollar, \u00e9tudier ici co\u00fbte la m\u00eame chose qu\u2019une universit\u00e9 publique dans mon \u00c9tat, alors pourquoi se priver ?\u00a0\u00bb<\/p>\n<p> \u00ab\u00a0La qualit\u00e9 de vie est bien meilleure ici\u00a0\u00bb <\/p>\n<p>En plus du co\u00fbt, jusqu\u2019\u00e0 trois fois moins, \u00e0 prestige \u00e9quivalent, il y a l\u2019incertitude li\u00e9e au climat politique\u00a0: \u00ab\u00a0La qualit\u00e9 de vie est bien meilleure ici, \u00e0 commencer par la S\u00e9curit\u00e9 sociale pour tous. Si j\u2019ai des enfants, je veux qu\u2019ils puissent avoir une \u00e9ducation accessible, et ce n\u2019est pas la direction que prennent les \u00c9tats-Unis. Mes amis qui sont rest\u00e9s voient les budgets de leurs cursus coup\u00e9s. Mon fr\u00e8re est doctorant en pharmacologie, mais l\u2019administration Trump a arr\u00eat\u00e9 de subventionner sa recherche, donc il ne peut pas \u00eatre dipl\u00f4m\u00e9. L\u2019avenir s\u2019annonce mal.\u00a0\u00bb<\/p>\n<p>Les cursus les plus pl\u00e9biscit\u00e9s ici rel\u00e8vent des sciences sociales. Les chiffres ne sont pas encore disponibles, mais les universit\u00e9s s\u2019attendent \u00e0 une nouvelle hausse pour cette ann\u00e9e, la premi\u00e8re depuis la r\u00e9\u00e9lection de Trump. \u00c0 \u00c9dimbourg, les \u00e9tudiants ont m\u00eame ressuscit\u00e9 l\u2019association nord-am\u00e9ricaine, Freddie Pusch, (\u00c9cossais pure souche) est le tr\u00e9sorier\u00a0: \u00ab\u00a0La soci\u00e9t\u00e9 d\u2019amiti\u00e9 nord-am\u00e9ricaine n\u2019avait plus exist\u00e9 depuis la pand\u00e9mie, on l\u2019a ressuscit\u00e9e. Ces \u00e9tudiants sont particuli\u00e8rement bruyants, dit-il en plaisantant. Non, ils am\u00e8nent un enthousiasme que nous, les locaux, n\u2019avons pas : ils nous rappellent que nous vivons dans une super ville.\u00a0\u00bb<\/p>\n<p>Depuis le <strong><a href=\"https:\/\/www.rfi.fr\/fr\/tag\/brexit\/\" target=\"_self\" class=\"gtm-add-suggested-tag\" rel=\"noopener\">Brexit<\/a><\/strong>, les universit\u00e9s britanniques misent beaucoup sur l\u2019accueil des \u00e9tudiants extra-europ\u00e9ens Am\u00e9ricains ou Asiatiques, qui paient les frais de scolarit\u00e9 les plus \u00e9lev\u00e9s.<\/p>\n<p class=\"a-read-more\">\u00c0 lire aussi<a href=\"https:\/\/www.rfi.fr\/fr\/am\u00e9riques\/20250722-\u00e9tats-unis-l-universit\u00e9-de-harvard-et-l-administration-trump-r\u00e8glent-leurs-comptes-devant-la-justice\" target=\"_self\" class=\"a-read-more__link\" rel=\"noopener\">\u00c9tats-Unis: l&rsquo;universit\u00e9 de Harvard et l&rsquo;administration Trump r\u00e8glent leurs comptes devant la justice<\/a><\/p>\n","protected":false},"excerpt":{"rendered":"Elles font partie des cibles pr\u00e9f\u00e9r\u00e9es de Donald Trump depuis son retour \u00e0 la Maison Blanche : les&hellip;\n","protected":false},"author":2,"featured_media":509914,"comment_status":"","ping_status":"","sticky":false,"template":"","format":"standard","meta":{"footnotes":""},"categories":[1589],"tags":[11,73,1866,674,12,2436,473,1864,1865,1863,308],"class_list":{"0":"post-509913","1":"post","2":"type-post","3":"status-publish","4":"format-standard","5":"has-post-thumbnail","7":"category-etats-unis","8":"tag-actualites","9":"tag-etats-unis","10":"tag-etats-unis-damerique","11":"tag-europe","12":"tag-news","13":"tag-reportage-international","14":"tag-royaume-uni","15":"tag-united-states","16":"tag-united-states-of-america","17":"tag-us","18":"tag-usa"},"share_on_mastodon":{"url":"https:\/\/pubeurope.com\/@fr\/115488451732795490","error":""},"_links":{"self":[{"href":"https:\/\/www.europesays.com\/fr\/wp-json\/wp\/v2\/posts\/509913","targetHints":{"allow":["GET"]}}],"collection":[{"href":"https:\/\/www.europesays.com\/fr\/wp-json\/wp\/v2\/posts"}],"about":[{"href":"https:\/\/www.europesays.com\/fr\/wp-json\/wp\/v2\/types\/post"}],"author":[{"embeddable":true,"href":"https:\/\/www.europesays.com\/fr\/wp-json\/wp\/v2\/users\/2"}],"replies":[{"embeddable":true,"href":"https:\/\/www.europesays.com\/fr\/wp-json\/wp\/v2\/comments?post=509913"}],"version-history":[{"count":0,"href":"https:\/\/www.europesays.com\/fr\/wp-json\/wp\/v2\/posts\/509913\/revisions"}],"wp:featuredmedia":[{"embeddable":true,"href":"https:\/\/www.europesays.com\/fr\/wp-json\/wp\/v2\/media\/509914"}],"wp:attachment":[{"href":"https:\/\/www.europesays.com\/fr\/wp-json\/wp\/v2\/media?parent=509913"}],"wp:term":[{"taxonomy":"category","embeddable":true,"href":"https:\/\/www.europesays.com\/fr\/wp-json\/wp\/v2\/categories?post=509913"},{"taxonomy":"post_tag","embeddable":true,"href":"https:\/\/www.europesays.com\/fr\/wp-json\/wp\/v2\/tags?post=509913"}],"curies":[{"name":"wp","href":"https:\/\/api.w.org\/{rel}","templated":true}]}}