{"id":509917,"date":"2025-11-03T23:52:18","date_gmt":"2025-11-03T23:52:18","guid":{"rendered":"https:\/\/www.europesays.com\/fr\/509917\/"},"modified":"2025-11-03T23:52:18","modified_gmt":"2025-11-03T23:52:18","slug":"allemagne-la-voiture-dun-depute-de-lafd-incendiee-des-antifascistes-revendiquent-les-degradations","status":"publish","type":"post","link":"https:\/\/www.europesays.com\/fr\/509917\/","title":{"rendered":"Allemagne\u00a0: la voiture d\u2019un d\u00e9put\u00e9 de l\u2019AfD incendi\u00e9e, des antifascistes revendiquent les d\u00e9gradations"},"content":{"rendered":"<p class=\"paragraph text_align_left lp-f-body-02\">Des antifascistes ont revendiqu\u00e9 l\u2019acte. Les deux copr\u00e9sidents de <a href=\"https:\/\/www.leparisien.fr\/international\/allemagne-le-parti-dextreme-droite-afd-triple-son-score-lors-delections-dans-louest-du-pays-15-09-2025-3ITA6J7I3NHSLGUDZ7JMVITV2I.php\" target=\"_self\" rel=\"noopener\">l\u2019extr\u00eame droite allemande<\/a> ont d\u00e9nonc\u00e9 lundi une \u00ab attaque contre la d\u00e9mocratie \u00bb apr\u00e8s l\u2019incendie de la voiture d\u2019un membre important de ce parti, \u00e0 Hambourg, dans le nord du pays.<\/p>\n<p class=\"paragraph text_align_left lp-f-body-02\">Plusieurs voitures ont \u00e9t\u00e9 incendi\u00e9es lundi, dont l\u2019une appartenant \u00e0 Bernd Baumann, premier secr\u00e9taire du groupe Alternative pour l\u2019Allemagne (AfD) au Bundestag, a indiqu\u00e9 la police qui suspecte des \u00ab d\u00e9gradations \u00e0 caract\u00e8re politique \u00bb.<\/p>\n<p class=\"paragraph text_align_left lp-f-body-02\">Dans un communiqu\u00e9, <a href=\"https:\/\/www.leparisien.fr\/international\/legislatives-en-allemagne-qui-est-alice-weidel-la-cheffe-de-lafd-candidate-a-la-chancellerie-12-01-2025-MOGRYVC5SBAOVPRCDPSLTG7QCI.php\" target=\"_self\" rel=\"noopener\">Alice Weidel<\/a> et Tino Chrupalla, copr\u00e9sidents de l\u2019AfD, ont exprim\u00e9 leur \u00ab grande inqui\u00e9tude \u00bb face \u00e0 \u00ab cette attaque contre un repr\u00e9sentant de premier plan du plus grand groupe d\u2019opposition \u00bb. \u00ab Une attaque directe contre la d\u00e9mocratie en Allemagne \u00bb, ont-ils jug\u00e9.<\/p>\n<p>Quatre voitures en feu<\/p>\n<p class=\"paragraph text_align_left lp-f-body-02\">Cet incendie a \u00e9t\u00e9 revendiqu\u00e9 par des activistes, se disant antifascistes, dans une lettre publi\u00e9e sur le site en ligne d\u2019extr\u00eame gauche <a href=\"https:\/\/indymedia.org\" target=\"_self\" rel=\"noopener\">Indymedia<\/a>. La police criminelle de Hambourg m\u00e8ne l\u2019enqu\u00eate et aucun suspect n\u2019a \u00e9t\u00e9 identifi\u00e9 pour le moment.<\/p>\n<p class=\"paragraph text_align_left lp-f-body-02\">Dans la nuit de dimanche \u00e0 lundi, des riverains ont entendu de \u00ab fortes d\u00e9tonations \u00bb dans un quartier de l\u2019ouest de la ville, a indiqu\u00e9 la police dans son communiqu\u00e9. \u00c0 l\u2019arriv\u00e9e des secours, quatre voitures \u00e9taient en feu sur le parking et un autre v\u00e9hicule ainsi qu\u2019une cl\u00f4ture avaient \u00e9t\u00e9 endommag\u00e9s.<\/p>\n<p class=\"paragraph text_align_left lp-f-body-02\">Apr\u00e8s <a href=\"https:\/\/www.leparisien.fr\/international\/legislatives-en-allemagne-la-cheffe-de-lextreme-droite-salue-son-resultat-historique-et-veut-gouverner-23-02-2025-LN6K32YAOJE5TB55R26CUTQLEE.php\" target=\"_self\" rel=\"noopener\">une deuxi\u00e8me place historique<\/a> d\u00e9croch\u00e9e aux l\u00e9gislatives de f\u00e9vrier, avec 20,8 % des suffrages, l\u2019AfD distance d\u00e9sormais dans plusieurs sondages les conservateurs du chancelier allemand <a href=\"https:\/\/www.leparisien.fr\/international\/legislatives-en-allemagne-qui-est-friedrich-merz-lanti-merkel-aux-portes-du-pouvoir-22-02-2025-IUZBPKO4SRCO3DXS7GRSLKFWWQ.php\" target=\"_self\" rel=\"noopener\">Friedrich Merz<\/a>.<\/p>\n","protected":false},"excerpt":{"rendered":"Des antifascistes ont revendiqu\u00e9 l\u2019acte. Les deux copr\u00e9sidents de l\u2019extr\u00eame droite allemande ont d\u00e9nonc\u00e9 lundi une \u00ab attaque&hellip;\n","protected":false},"author":2,"featured_media":509918,"comment_status":"","ping_status":"","sticky":false,"template":"","format":"standard","meta":{"footnotes":""},"categories":[1587],"tags":[11,672,1804,1805,1803,1777,674,1801,14,12,1802],"class_list":{"0":"post-509917","1":"post","2":"type-post","3":"status-publish","4":"format-standard","5":"has-post-thumbnail","7":"category-allemagne","8":"tag-actualites","9":"tag-allemagne","10":"tag-bundesrepublik-deutschland","11":"tag-de","12":"tag-deutschland","13":"tag-eu","14":"tag-europe","15":"tag-germany","16":"tag-international","17":"tag-news","18":"tag-republique-federale-dallemagne"},"share_on_mastodon":{"url":"https:\/\/pubeurope.com\/@fr\/115488459611463849","error":""},"_links":{"self":[{"href":"https:\/\/www.europesays.com\/fr\/wp-json\/wp\/v2\/posts\/509917","targetHints":{"allow":["GET"]}}],"collection":[{"href":"https:\/\/www.europesays.com\/fr\/wp-json\/wp\/v2\/posts"}],"about":[{"href":"https:\/\/www.europesays.com\/fr\/wp-json\/wp\/v2\/types\/post"}],"author":[{"embeddable":true,"href":"https:\/\/www.europesays.com\/fr\/wp-json\/wp\/v2\/users\/2"}],"replies":[{"embeddable":true,"href":"https:\/\/www.europesays.com\/fr\/wp-json\/wp\/v2\/comments?post=509917"}],"version-history":[{"count":0,"href":"https:\/\/www.europesays.com\/fr\/wp-json\/wp\/v2\/posts\/509917\/revisions"}],"wp:featuredmedia":[{"embeddable":true,"href":"https:\/\/www.europesays.com\/fr\/wp-json\/wp\/v2\/media\/509918"}],"wp:attachment":[{"href":"https:\/\/www.europesays.com\/fr\/wp-json\/wp\/v2\/media?parent=509917"}],"wp:term":[{"taxonomy":"category","embeddable":true,"href":"https:\/\/www.europesays.com\/fr\/wp-json\/wp\/v2\/categories?post=509917"},{"taxonomy":"post_tag","embeddable":true,"href":"https:\/\/www.europesays.com\/fr\/wp-json\/wp\/v2\/tags?post=509917"}],"curies":[{"name":"wp","href":"https:\/\/api.w.org\/{rel}","templated":true}]}}