{"id":509919,"date":"2025-11-03T23:53:15","date_gmt":"2025-11-03T23:53:15","guid":{"rendered":"https:\/\/www.europesays.com\/fr\/509919\/"},"modified":"2025-11-03T23:53:15","modified_gmt":"2025-11-03T23:53:15","slug":"antoine-ripoche-devient-regional-manager-southern-europe-chez-azerion","status":"publish","type":"post","link":"https:\/\/www.europesays.com\/fr\/509919\/","title":{"rendered":"Antoine Ripoche devient Regional Manager Southern Europe chez Azerion"},"content":{"rendered":"<p>Jusqu\u2019ici General Manager France, <a target=\"_blank\" rel=\"noopener\" href=\"https:\/\/fr.themedialeader.com\/martin-clamart-quitte-azerion-france-remplace-par-antoine-ripoche\/\">Antoine Ripoche<\/a> est nomm\u00e9 Regional Manager Southern Europe chez <a target=\"_blank\" rel=\"noopener\" href=\"https:\/\/fr.themedialeader.com\/azerion-se-renforce-sur-le-marche-local-avec-azerion-regions\/\">Azerion<\/a>.<\/p>\n<p>\u00c0 ce poste, il supervisera d\u00e9sormais les activit\u00e9s commerciales et strat\u00e9giques du groupe en France, en Espagne, en Italie et au Portugal. Cette \u00e9volution s\u2019inscrit dans la dynamique de croissance de l\u2019entreprise, qui entend renforcer les synergies entre ces march\u00e9s, acc\u00e9l\u00e9rer le d\u00e9ploiement de ses solutions publicitaires et renforcer ses relations avec \u00e9diteurs, agences et annonceurs.<\/p>\n<p>\u00ab Je suis honor\u00e9 de prendre la direction de cette r\u00e9gion strat\u00e9gique. L\u2019Europe du Sud pr\u00e9sente un fort potentiel de d\u00e9veloppement, et je me r\u00e9jouis de collaborer avec nos \u00e9quipes locales pour accompagner nos partenaires et clients vers de nouvelles opportunit\u00e9s \u00bb, d\u00e9clare Antoine Ripoche.<\/p>\n","protected":false},"excerpt":{"rendered":"Jusqu\u2019ici General Manager France, Antoine Ripoche est nomm\u00e9 Regional Manager Southern Europe chez Azerion. \u00c0 ce poste, il&hellip;\n","protected":false},"author":2,"featured_media":509920,"comment_status":"","ping_status":"","sticky":false,"template":"","format":"standard","meta":{"footnotes":""},"categories":[1586],"tags":[11,1777,674,1011,27,12,25,3245],"class_list":{"0":"post-509919","1":"post","2":"type-post","3":"status-publish","4":"format-standard","5":"has-post-thumbnail","7":"category-europe","8":"tag-actualites","9":"tag-eu","10":"tag-europe","11":"tag-fr","12":"tag-france","13":"tag-news","14":"tag-republique-francaise","15":"tag-talents"},"share_on_mastodon":{"url":"https:\/\/pubeurope.com\/@fr\/115488463581631603","error":""},"_links":{"self":[{"href":"https:\/\/www.europesays.com\/fr\/wp-json\/wp\/v2\/posts\/509919","targetHints":{"allow":["GET"]}}],"collection":[{"href":"https:\/\/www.europesays.com\/fr\/wp-json\/wp\/v2\/posts"}],"about":[{"href":"https:\/\/www.europesays.com\/fr\/wp-json\/wp\/v2\/types\/post"}],"author":[{"embeddable":true,"href":"https:\/\/www.europesays.com\/fr\/wp-json\/wp\/v2\/users\/2"}],"replies":[{"embeddable":true,"href":"https:\/\/www.europesays.com\/fr\/wp-json\/wp\/v2\/comments?post=509919"}],"version-history":[{"count":0,"href":"https:\/\/www.europesays.com\/fr\/wp-json\/wp\/v2\/posts\/509919\/revisions"}],"wp:featuredmedia":[{"embeddable":true,"href":"https:\/\/www.europesays.com\/fr\/wp-json\/wp\/v2\/media\/509920"}],"wp:attachment":[{"href":"https:\/\/www.europesays.com\/fr\/wp-json\/wp\/v2\/media?parent=509919"}],"wp:term":[{"taxonomy":"category","embeddable":true,"href":"https:\/\/www.europesays.com\/fr\/wp-json\/wp\/v2\/categories?post=509919"},{"taxonomy":"post_tag","embeddable":true,"href":"https:\/\/www.europesays.com\/fr\/wp-json\/wp\/v2\/tags?post=509919"}],"curies":[{"name":"wp","href":"https:\/\/api.w.org\/{rel}","templated":true}]}}