{"id":509925,"date":"2025-11-03T23:56:16","date_gmt":"2025-11-03T23:56:16","guid":{"rendered":"https:\/\/www.europesays.com\/fr\/509925\/"},"modified":"2025-11-03T23:56:16","modified_gmt":"2025-11-03T23:56:16","slug":"ladministration-trump-accepte-de-mobiliser-le-fonds-durgence-pour-laide-alimentaire-mais","status":"publish","type":"post","link":"https:\/\/www.europesays.com\/fr\/509925\/","title":{"rendered":"L\u2019administration Trump accepte de mobiliser le fonds d\u2019urgence pour l\u2019aide alimentaire, mais\u2026"},"content":{"rendered":"<p>        <img decoding=\"async\" loading=\"lazy\" src=\"https:\/\/www.europesays.com\/fr\/wp-content\/uploads\/2025\/10\/effe918_upload-1-jocrzcmf8y88-afp-20251005-77rh8ck-v1-midres-uspoliticstrump.jpg\"  width=\"728\" height=\"410\" alt=\"L\u2019administration Trump accepte de mobiliser le fonds d\u2019urgence pour l\u2019aide alimentaire, mais...\"\/>  <\/p>\n<p>ANDREW CABALLERO-REYNOLDS \/ AFP<\/p>\n<p>L\u2019administration Trump accepte de mobiliser le fonds d\u2019urgence pour l\u2019aide alimentaire, mais&#8230;<\/p>\n<p class=\"asset asset-text\">INTERNATIONAL &#8211; Le <a href=\"https:\/\/www.huffingtonpost.fr\/international\/video\/no-kings-contre-trump-des-marees-humaines-aux-quatre-coins-des-etats-unis_256147.html\" target=\"_blank\" rel=\"noopener\">gouvernement Trump <\/a>va utiliser 4,65\u00a0milliards de dollars d\u2019un fonds d\u2019urgence pour financer les versements li\u00e9s au programme Snap, principal<a href=\"https:\/\/www.huffingtonpost.fr\/international\/article\/etats-unis-un-mois-apres-le-shutdown-va-cette-fois-penaliser-directement-les-americains_256620.html\" target=\"_blank\" rel=\"noopener\"> programme public d\u2019aide alimentaire aux \u00c9tats-Unis<\/a>. Selon un responsable du minist\u00e8re de l\u2019Agriculture dans des documents judiciaires ce lundi 3\u00a0novembre, ceci couvrira environ \u00ab\u00a050\u00a0% des aides des foyers \u00e9ligibles\u00a0\u00bb.<\/p>\n<p class=\"asset asset-text\">Toutefois, l\u2019administration Trump a d\u00e9clar\u00e9 que l\u2019aide alimentaire dont b\u00e9n\u00e9ficient quelque 42\u00a0millions d\u2019Am\u00e9ricains sera r\u00e9duite en novembre en raison de<a href=\"https:\/\/www.huffingtonpost.fr\/international\/article\/shutdown-aux-etats-unis-c-est-quoi-le-filibuster-que-veut-abolir-trump-mais-qui-divise-les-republicains_256662.html\" target=\"_blank\" rel=\"noopener\"> la paralysie budg\u00e9taire qui dure depuis un mois<\/a>.<\/p>\n<p class=\"asset asset-text\">Cette annonce de d\u00e9blocage fait suite \u00e0 une d\u00e9cision d\u2019un juge f\u00e9d\u00e9ral de Providence (nord-est), l\u2019un des deux \u00e0 avoir ordonn\u00e9 la semaine derni\u00e8re \u00e0 l\u2019ex\u00e9cutif d\u2019utiliser des fonds d\u2019urgence pour assurer la continuit\u00e9 du programme Snap.<\/p>\n<p>    \u00ab\u00a0Instrumentaliser la faim\u00a0\u00bb    <\/p>\n<p class=\"asset asset-text\">L\u2019administration Trump affirme que le programme est \u00e0 court de fonds apr\u00e8s un mois de \u00ab\u00a0shutdown\u00a0\u00bb, d\u00e9mocrates et r\u00e9publicains ne parvenant pas \u00e0 s\u2019entendre pour adopter un nouveau budget et s\u2019en rejetant mutuellement la faute.<\/p>\n<p class=\"asset asset-text\"><a href=\"https:\/\/www.huffingtonpost.fr\/international\/article\/l-administration-trump-detaille-sa-politique-pour-l-accueil-de-refugies-confirmant-les-pires-craintes_256608.html\" target=\"_blank\" rel=\"noopener\">Le pr\u00e9sident Donald Trump<\/a> a assur\u00e9 vendredi qu\u2019il \u00e9tait pr\u00eat \u00e0 d\u00e9bloquer les fonds n\u00e9cessaires si la justice le d\u00e9cidait, disant \u00ab\u00a0ne pas vouloir que les Am\u00e9ricains aient faim\u00a0\u00bb.<\/p>\n<p class=\"asset asset-text\">Hakeem Jeffries, chef de la minorit\u00e9 d\u00e9mocrate \u00e0 la Chambre des repr\u00e9sentants, a accus\u00e9 dimanche Donald Trump et son parti r\u00e9publicain \u00ab\u00a0d\u2019instrumentaliser la faim\u00a0\u00bb des 42\u00a0millions b\u00e9n\u00e9ficiaires de ce programme.<\/p>\n","protected":false},"excerpt":{"rendered":"ANDREW CABALLERO-REYNOLDS \/ AFP L\u2019administration Trump accepte de mobiliser le fonds d\u2019urgence pour l\u2019aide alimentaire, mais&#8230; INTERNATIONAL &#8211;&hellip;\n","protected":false},"author":2,"featured_media":442837,"comment_status":"","ping_status":"","sticky":false,"template":"","format":"standard","meta":{"footnotes":""},"categories":[2],"tags":[55322,11,75,73,1011,27,14,12,25],"class_list":{"0":"post-509925","1":"post","2":"type-post","3":"status-publish","4":"format-standard","5":"has-post-thumbnail","7":"category-actualites","8":"tag-shutdown","9":"tag-actualites","10":"tag-donald-trump","11":"tag-etats-unis","12":"tag-fr","13":"tag-france","14":"tag-international","15":"tag-news","16":"tag-republique-francaise"},"share_on_mastodon":{"url":"https:\/\/pubeurope.com\/@fr\/115488476371165417","error":""},"_links":{"self":[{"href":"https:\/\/www.europesays.com\/fr\/wp-json\/wp\/v2\/posts\/509925","targetHints":{"allow":["GET"]}}],"collection":[{"href":"https:\/\/www.europesays.com\/fr\/wp-json\/wp\/v2\/posts"}],"about":[{"href":"https:\/\/www.europesays.com\/fr\/wp-json\/wp\/v2\/types\/post"}],"author":[{"embeddable":true,"href":"https:\/\/www.europesays.com\/fr\/wp-json\/wp\/v2\/users\/2"}],"replies":[{"embeddable":true,"href":"https:\/\/www.europesays.com\/fr\/wp-json\/wp\/v2\/comments?post=509925"}],"version-history":[{"count":0,"href":"https:\/\/www.europesays.com\/fr\/wp-json\/wp\/v2\/posts\/509925\/revisions"}],"wp:featuredmedia":[{"embeddable":true,"href":"https:\/\/www.europesays.com\/fr\/wp-json\/wp\/v2\/media\/442837"}],"wp:attachment":[{"href":"https:\/\/www.europesays.com\/fr\/wp-json\/wp\/v2\/media?parent=509925"}],"wp:term":[{"taxonomy":"category","embeddable":true,"href":"https:\/\/www.europesays.com\/fr\/wp-json\/wp\/v2\/categories?post=509925"},{"taxonomy":"post_tag","embeddable":true,"href":"https:\/\/www.europesays.com\/fr\/wp-json\/wp\/v2\/tags?post=509925"}],"curies":[{"name":"wp","href":"https:\/\/api.w.org\/{rel}","templated":true}]}}