{"id":509928,"date":"2025-11-03T23:58:16","date_gmt":"2025-11-03T23:58:16","guid":{"rendered":"https:\/\/www.europesays.com\/fr\/509928\/"},"modified":"2025-11-03T23:58:16","modified_gmt":"2025-11-03T23:58:16","slug":"match-france-espagne-les-iberes-gardent-la-coupe","status":"publish","type":"post","link":"https:\/\/www.europesays.com\/fr\/509928\/","title":{"rendered":"Match France-Espagne : Les Ib\u00e8res gardent la coupe"},"content":{"rendered":"<p>Grand classique des matchs internationaux, le <strong>France-Espagne<\/strong> s&rsquo;est tenu ces samedi 1er et dimanche 2 novembre au<strong> Golf d&rsquo;Hossegor<\/strong> (40) entre huit jeunes Fran\u00e7ais et leurs homologues ib\u00e9riques. Le drapeau tricolore \u00e9tait repr\u00e9sent\u00e9 par <strong>Maxence Denneti\u00e8re<\/strong> (Lyon-Salvagny), <strong>Paul Martin<\/strong> (Bordelais), <strong>Romane Tresnard<\/strong> (Biarritz), <strong>Salom\u00e9 Lumbaca<\/strong> (Lyon), <strong>Anouchka Djumic<\/strong> (Saint-Germain), <strong>Jurilayci Kardasik<\/strong> (Toulouse), <strong>Batiste Chesneau<\/strong> (Toulouse) et <strong>Jayson Piermont<\/strong> (\u00c9sery).<\/p>\n<p>Disput\u00e9e sur trois sessions (huit foursomes samedi, huit simples dimanche), la rencontre s&rsquo;est sold\u00e9e par une \u00e9galit\u00e9 parfaite entre les deux formations (8 points partout), la France ayant domin\u00e9 les doubles (4,5 \u00e0 3,5) et l&rsquo;Espagne les simples (4,5 \u00e0 3,5). En tant que tenante du titre, l&rsquo;escouade espagnole a conserv\u00e9 le troph\u00e9e.<\/p>\n","protected":false},"excerpt":{"rendered":"Grand classique des matchs internationaux, le France-Espagne s&rsquo;est tenu ces samedi 1er et dimanche 2 novembre au Golf&hellip;\n","protected":false},"author":2,"featured_media":509929,"comment_status":"","ping_status":"","sticky":false,"template":"","format":"standard","meta":{"footnotes":""},"categories":[1418],"tags":[1011,27,1472,60],"class_list":{"0":"post-509928","1":"post","2":"type-post","3":"status-publish","4":"format-standard","5":"has-post-thumbnail","7":"category-golf","8":"tag-fr","9":"tag-france","10":"tag-golf","11":"tag-sports"},"share_on_mastodon":{"url":"https:\/\/pubeurope.com\/@fr\/115488483105221871","error":""},"_links":{"self":[{"href":"https:\/\/www.europesays.com\/fr\/wp-json\/wp\/v2\/posts\/509928","targetHints":{"allow":["GET"]}}],"collection":[{"href":"https:\/\/www.europesays.com\/fr\/wp-json\/wp\/v2\/posts"}],"about":[{"href":"https:\/\/www.europesays.com\/fr\/wp-json\/wp\/v2\/types\/post"}],"author":[{"embeddable":true,"href":"https:\/\/www.europesays.com\/fr\/wp-json\/wp\/v2\/users\/2"}],"replies":[{"embeddable":true,"href":"https:\/\/www.europesays.com\/fr\/wp-json\/wp\/v2\/comments?post=509928"}],"version-history":[{"count":0,"href":"https:\/\/www.europesays.com\/fr\/wp-json\/wp\/v2\/posts\/509928\/revisions"}],"wp:featuredmedia":[{"embeddable":true,"href":"https:\/\/www.europesays.com\/fr\/wp-json\/wp\/v2\/media\/509929"}],"wp:attachment":[{"href":"https:\/\/www.europesays.com\/fr\/wp-json\/wp\/v2\/media?parent=509928"}],"wp:term":[{"taxonomy":"category","embeddable":true,"href":"https:\/\/www.europesays.com\/fr\/wp-json\/wp\/v2\/categories?post=509928"},{"taxonomy":"post_tag","embeddable":true,"href":"https:\/\/www.europesays.com\/fr\/wp-json\/wp\/v2\/tags?post=509928"}],"curies":[{"name":"wp","href":"https:\/\/api.w.org\/{rel}","templated":true}]}}