{"id":509930,"date":"2025-11-04T00:00:19","date_gmt":"2025-11-04T00:00:19","guid":{"rendered":"https:\/\/www.europesays.com\/fr\/509930\/"},"modified":"2025-11-04T00:00:19","modified_gmt":"2025-11-04T00:00:19","slug":"les-bleus-arboreront-une-nouvelle-tunique-face-a-lafrique-du-sud","status":"publish","type":"post","link":"https:\/\/www.europesays.com\/fr\/509930\/","title":{"rendered":"les Bleus arboreront une nouvelle tunique face \u00e0 l\u2019Afrique du Sud"},"content":{"rendered":"<p>\n    Adidas et le XV de France ont d\u00e9voil\u00e9 ce lundi les nouveaux maillots domiciles et ext\u00e9rieurs.<\/p>\n<p class=\"fig-paragraph\">Nouveau look. Toujours en collaboration avec Adidas,\u00a0<a href=\"http:\/\/www.lefigaro.fr\/sports\/rugby\/xv-de-france\/xv-de-france-on-n-est-plus-en-mode-revanche-dedramatise-bielle-biarrey-avant-de-retrouver-l-afrique-du-sud-20251029\" target=\"_blank\" data-fig-type=\"NewsFlash\" rel=\"noopener\" data-gtm-custom-categorie=\"navigation\" data-gtm-custom-action=\"crossclick\" data-gtm-custom-label=\"Contextuel\" data-gtm-event=\"customEventSPE\" data-fig-domain=\"LEFIGARO\">le XV de France<\/a>\u00a0a d\u00e9voil\u00e9 ce lundi leurs nouveaux maillots domiciles et ext\u00e9rieurs pour les prochains mois. Ces nouvelles tuniques sont destin\u00e9es \u00e0 toutes les \u00e9quipes de France, masculines comme f\u00e9minines.<\/p>\n<p class=\"fig-paragraph\">Cette nouvelle \u00abpi\u00e8ce fid\u00e8le \u00e0 ses traditions\u00bb,\u00a0<a href=\"https:\/\/www.ffr.fr\/actualites\/equipes-de-france\/equipes-de-france-les-maillots-pour-la-saison-2025-2026\" target=\"_blank\" rel=\"sponsored noopener\" data-gtm-custom-categorie=\"navigation\" data-gtm-custom-action=\"crossclick\" data-gtm-custom-label=\"Contextuel\" data-gtm-event=\"customEventSPE\">comme l\u2019indique le XV de France sur son site<\/a>, change (l\u00e9g\u00e8rement) par rapport \u00e0 la tenue pr\u00e9c\u00e9dente. Toujours port\u00e9e sur les trois couleurs embl\u00e9matiques, le bleu, le blanc et le rouge, la premi\u00e8re couleur change l\u00e9g\u00e8rement. \u00abUn bleu semi-lucide, plus percutant visuellement et captant mieux la lumi\u00e8re\u00bb, explique-t-on sur le site. Autre changement, l\u2019apparition sur des trois bandes aux couleurs de la France sur le col.<\/p>\n<p>    Nouveaux maillots pour le XV de France.<br \/>\n                Capture d\u2019\u00e9cran XV de France<\/p>\n<p>                                    <a class=\"fig-a11y-skip a11y-hidden\" href=\"#fig-a11y-skip-main-inarticle\"><br \/>\n        Passer la publicit\u00e9<br \/>\n    <\/a><\/p>\n<p class=\"fig-paragraph\">Cette nouvelle tenue sera arbor\u00e9e pour la premi\u00e8re fois le 8 novembre, pour le d\u00e9but de la tourn\u00e9e d\u2019automne face \u00e0 l\u2019Afrique du Sud au Stade de France (21h10).<\/p>\n","protected":false},"excerpt":{"rendered":"Adidas et le XV de France ont d\u00e9voil\u00e9 ce lundi les nouveaux maillots domiciles et ext\u00e9rieurs. Nouveau look.&hellip;\n","protected":false},"author":2,"featured_media":509931,"comment_status":"","ping_status":"","sticky":false,"template":"","format":"standard","meta":{"footnotes":""},"categories":[1416],"tags":[2306,47,525,3984,451,64,1011,27,1922,9414,1980,479,1468,2259,2307,60,513],"class_list":{"0":"post-509930","1":"post","2":"type-post","3":"status-publish","4":"format-standard","5":"has-post-thumbnail","7":"category-rugby","8":"tag-6-nations","9":"tag-actualite","10":"tag-calendrier","11":"tag-composition","12":"tag-coupe-du-monde","13":"tag-equipe-de-france","14":"tag-fr","15":"tag-france","16":"tag-info","17":"tag-marcoussis","18":"tag-resultats","19":"tag-rugby","20":"tag-rugby-football","21":"tag-score","22":"tag-six-nations","23":"tag-sports","24":"tag-xv-de-france"},"share_on_mastodon":{"url":"https:\/\/pubeurope.com\/@fr\/115488491108908368","error":""},"_links":{"self":[{"href":"https:\/\/www.europesays.com\/fr\/wp-json\/wp\/v2\/posts\/509930","targetHints":{"allow":["GET"]}}],"collection":[{"href":"https:\/\/www.europesays.com\/fr\/wp-json\/wp\/v2\/posts"}],"about":[{"href":"https:\/\/www.europesays.com\/fr\/wp-json\/wp\/v2\/types\/post"}],"author":[{"embeddable":true,"href":"https:\/\/www.europesays.com\/fr\/wp-json\/wp\/v2\/users\/2"}],"replies":[{"embeddable":true,"href":"https:\/\/www.europesays.com\/fr\/wp-json\/wp\/v2\/comments?post=509930"}],"version-history":[{"count":0,"href":"https:\/\/www.europesays.com\/fr\/wp-json\/wp\/v2\/posts\/509930\/revisions"}],"wp:featuredmedia":[{"embeddable":true,"href":"https:\/\/www.europesays.com\/fr\/wp-json\/wp\/v2\/media\/509931"}],"wp:attachment":[{"href":"https:\/\/www.europesays.com\/fr\/wp-json\/wp\/v2\/media?parent=509930"}],"wp:term":[{"taxonomy":"category","embeddable":true,"href":"https:\/\/www.europesays.com\/fr\/wp-json\/wp\/v2\/categories?post=509930"},{"taxonomy":"post_tag","embeddable":true,"href":"https:\/\/www.europesays.com\/fr\/wp-json\/wp\/v2\/tags?post=509930"}],"curies":[{"name":"wp","href":"https:\/\/api.w.org\/{rel}","templated":true}]}}