{"id":509932,"date":"2025-11-04T00:01:21","date_gmt":"2025-11-04T00:01:21","guid":{"rendered":"https:\/\/www.europesays.com\/fr\/509932\/"},"modified":"2025-11-04T00:01:21","modified_gmt":"2025-11-04T00:01:21","slug":"resultat-stan-wawrinka-botic-van-de-zandschulp-atp-250-athenes-premier-tour-lundi-03-novembre-2025-lequipe","status":"publish","type":"post","link":"https:\/\/www.europesays.com\/fr\/509932\/","title":{"rendered":"R\u00e9sultat : Stan Wawrinka &#8211; Botic Van De Zandschulp, ATP 250, Ath\u00e8nes, Premier tour, Lundi 03 novembre 2025 &#8211; L&#039;\u00c9quipe"},"content":{"rendered":"<ol>\n<li><a href=\"https:\/\/news.google.com\/rss\/articles\/CBMi0gFBVV95cUxPclR2VXM1MERIME9Pd3Z4a09iWURkUXRLSzBQYVhoai1reGdpQlI3LXNMVUZTSHdnZ3o1VmU3TFhCOEhzNzdYTjZiNEstNEt5Sl8xWUM0a1NIYk90SEJSY3hLdmRLT2ltQ3I5cDNTOTZvcVR2dGdaWlEzQ1RGSWdKeVU0VWRqY1NYa1VuUTJ1SmZLWHZ4YVU0aEpVWXdtZHhiOTAydGtsUDZ3SWhkSjR2V2hGVURGck9ydmZWOXV4R3FCaVl2WWlyOUVNQVlrVXpOZXc?oc=5\" target=\"_blank\" rel=\"nofollow noopener\">R\u00e9sultat : Stan Wawrinka &#8211; Botic Van De Zandschulp, ATP 250, Ath\u00e8nes, Premier tour, Lundi 03 novembre 2025<\/a>&nbsp;&nbsp;L&rsquo;\u00c9quipe<\/li>\n<li><a href=\"https:\/\/news.google.com\/rss\/articles\/CBMivwFBVV95cUxQcTNvYk9rNXgzSG9JSW9Pb2dnTVdpc3oxcEY1TXpORjVfN3lYOWE1Tzg3TTQ1Zjd1TlZKQlVJR2FPS3hjVTZBTVY0dURnX0tLTWhWWG5uUjVwQjI0SHlEWXF0eV9XYmtvM0t0VXFoVFFoNy1yTUdTa0xIRlplX0pZZXlDVVRybVB5a0FFc0p6c2pTS3lBVk96MHc3ajR0RjM2eUpIaXlxZFBHdDJlWnQ5eDYwQ3hmRkVjRFJwUUZ5VQ?oc=5\" target=\"_blank\" rel=\"nofollow noopener\">Tennis: Stan Wawrinka arrache au forceps une victoire renversante<\/a>&nbsp;&nbsp;Le Matin<\/li>\n<li><a href=\"https:\/\/news.google.com\/rss\/articles\/CBMizAFBVV95cUxNSWY0cWVOTGZDanpPWGh1SzRySUtEdWhabngzcThiMHo4NkU1UGtsZzZOa3V5RmtoSW1GR3MxaUxJeTRKU1dYNXA4eDVLcGl2YXE5czRfUVhKQkZsYWFreHhtb2d3aTRScUhId3E5b1UwQzhKd0RxN1E4T3RoUi15N1REZXBFS0puaV9UU2NQSjZ4TjA3OE9vMmZGWHBRRHNDLWlWMFNhOTlGOXNUZHhLTVVReFN6QXQ4UEluUVJGSGs1NWdKMC1DUVZFNC0?oc=5\" target=\"_blank\" rel=\"nofollow noopener\">Wawrinka renverse van de Zandschulp au 1er tour<\/a>&nbsp;&nbsp;rts.ch<\/li>\n<li><a href=\"https:\/\/news.google.com\/rss\/articles\/CBMiigFBVV95cUxQaFFvWWZ3d0tPSGRxQXFTdGVheWpLZGtrdUF0SDFpckdybnBzSkEtWUp0cXpDWWJqMllSVnktNEFrXzdrcnpMN2VId1RNWGtGbGNzR3Q2cGZLSkxfS2NWcDFYUUJzR0JadkpYSk85enQ0V0h0UHFnb1dZanlCMjRXQm5teXJWekZPbFHSAY8BQVVfeXFMUHd4UlNZNnJQZHU5ajdRUWpPUWNxSHY3b2hRc1BjdUZJN29QZnNVbXg2N21jcjFGU2F0Y3lMTi1tcFkzLVZJUUVCeTk1dXlnLWIxYmJfZzRrWFRTRnNqblBqTDkyZDVVcERocGRnUmVxUDR0UmNDZV9NRkkzZUFoQmhPZTNtRWw5MDk4bUp3Qms?oc=5\" target=\"_blank\" rel=\"nofollow noopener\">Lorenzo Musetti face \u00e0 Wawrinka \u00e0 Ath\u00e8nes<\/a>&nbsp;&nbsp;Sport.fr<\/li>\n<li><a href=\"https:\/\/news.google.com\/rss\/articles\/CBMi2gFBVV95cUxQam0zMV9rRXJwVXowNFN1dFAxSTgzeWVyOTNaNFkyQ1lmZ0pJVVR1a2ZFOWh4MW5KTHpVOGhqa3lDV0FQY0JMTE1IUmpFVDVrWVN0aG43bFBlNmk5WWFEdHNQTzdwUTJkelFNQjRCUFFlR2tMdmYyS1hPSzh6d1BoNUsxbllHR05EbWoxaDY1Q1JIVk05dWJaRkM4TjFFV2ZYT3JIYmljcXdnUWwzeTQyaTA0QldKbFdNZUJHNlRGWXJkTlJ0N0FsY1VwanJOLXRHcUxWcW5IUmRfQQ?oc=5\" target=\"_blank\" rel=\"nofollow noopener\">Wawrinka, apr\u00e8s sa remont\u00e9e contre Van de Zandschulp : \u00ab\u00a0Une des raisons pour lesquelles je continue de jouer sont ces sensations\u00a0\u00bb<\/a>&nbsp;&nbsp;Punto de Break<\/li>\n<\/ol>\n","protected":false},"excerpt":{"rendered":"R\u00e9sultat : Stan Wawrinka &#8211; Botic Van De Zandschulp, ATP 250, Ath\u00e8nes, Premier tour, Lundi 03 novembre 2025&nbsp;&nbsp;L&rsquo;\u00c9quipe&hellip;\n","protected":false},"author":2,"featured_media":1983,"comment_status":"","ping_status":"","sticky":false,"template":"","format":"standard","meta":{"footnotes":""},"categories":[1415],"tags":[1011,27,60,1467],"class_list":{"0":"post-509932","1":"post","2":"type-post","3":"status-publish","4":"format-standard","5":"has-post-thumbnail","7":"category-tennis","8":"tag-fr","9":"tag-france","10":"tag-sports","11":"tag-tennis"},"share_on_mastodon":{"url":"https:\/\/pubeurope.com\/@fr\/115488494873612464","error":""},"_links":{"self":[{"href":"https:\/\/www.europesays.com\/fr\/wp-json\/wp\/v2\/posts\/509932","targetHints":{"allow":["GET"]}}],"collection":[{"href":"https:\/\/www.europesays.com\/fr\/wp-json\/wp\/v2\/posts"}],"about":[{"href":"https:\/\/www.europesays.com\/fr\/wp-json\/wp\/v2\/types\/post"}],"author":[{"embeddable":true,"href":"https:\/\/www.europesays.com\/fr\/wp-json\/wp\/v2\/users\/2"}],"replies":[{"embeddable":true,"href":"https:\/\/www.europesays.com\/fr\/wp-json\/wp\/v2\/comments?post=509932"}],"version-history":[{"count":0,"href":"https:\/\/www.europesays.com\/fr\/wp-json\/wp\/v2\/posts\/509932\/revisions"}],"wp:featuredmedia":[{"embeddable":true,"href":"https:\/\/www.europesays.com\/fr\/wp-json\/wp\/v2\/media\/1983"}],"wp:attachment":[{"href":"https:\/\/www.europesays.com\/fr\/wp-json\/wp\/v2\/media?parent=509932"}],"wp:term":[{"taxonomy":"category","embeddable":true,"href":"https:\/\/www.europesays.com\/fr\/wp-json\/wp\/v2\/categories?post=509932"},{"taxonomy":"post_tag","embeddable":true,"href":"https:\/\/www.europesays.com\/fr\/wp-json\/wp\/v2\/tags?post=509932"}],"curies":[{"name":"wp","href":"https:\/\/api.w.org\/{rel}","templated":true}]}}