{"id":509933,"date":"2025-11-04T00:05:17","date_gmt":"2025-11-04T00:05:17","guid":{"rendered":"https:\/\/www.europesays.com\/fr\/509933\/"},"modified":"2025-11-04T00:05:17","modified_gmt":"2025-11-04T00:05:17","slug":"cyclo-cross-de-belleville-classements-actualite","status":"publish","type":"post","link":"https:\/\/www.europesays.com\/fr\/509933\/","title":{"rendered":"Cyclo-cross de Belleville : Classements &#8211; Actualit\u00e9"},"content":{"rendered":"<p style=\"text-align: justify;\">Alexandre Langlais (Pommiers VTT) a remport\u00e9, ce samedi 1er novembre, le cyclo-cross du Lac des Sablons \u00e0 Belleville-en-Beaujolais (Rh\u00f4ne), organis\u00e9 par l&rsquo;UC Bellevilloise. Il a devanc\u00e9 Julien Maitre (Saint-Denis Cyclisme) et William Millat (VC Villefranche Beaujolais). <br \/>Alexandre Langlais succ\u00e8de \u00e0 Hugo Pigeon au palmar\u00e8s de l\u2019\u00e9preuve.\u00a0<\/p>\n<p><strong>Classements :<\/strong><br \/><strong>S\u00e9niors et U23<br \/><\/strong>1. LANGLAIS Alexandre POMMIERS VTT Elite en 54&rsquo;45\u00a0\u00bb<br \/>2. MAITRE Julien ST DENIS CYCLISME Open 2<br \/>3. MILLAT William V.C. VILLEFRANCHE BEAUJOLAIS Open 1 U23-3\u00a0<br \/>4. RAISIN Thibaud SJVC MONTELIMAR Open 2 U23-3\u00a0<br \/>5. VINSON Aur\u00e9lien ISTRES SPORT CYCLISME Open 1 U23-4\u00a0<br \/>6. LACAILLE Alban A.C. LYON VAISE Open 2<br \/>7. MATHEAU Joan A. CYCL. &amp; DE LA VERDURE DE P\/BOURG Open 2<br \/>8. BOUR Adrien SJVC MONTELIMAR Open 2 U23-4\u00a0<br \/>9. HOAREAU S\u00e9bastien V.C. VILLEFRANCHE BEAUJOLAIS Open 2<br \/>10. MICHELON Thomas CORBAS LYON METROPOLE Access 1 U23-4\u00a0<br \/>11. PANIZZI Enzo CORBAS LYON METROPOLE Access 1\u00a0<br \/>12. ANDREA Fran\u00e7ois ECO VILLEURBANNAIS Access 2<br \/>13. PERROT Guillaume C.C. ST MARTINOIS Open 3<br \/>14. ZAMBON Maxime LAC-ALLIANCE-CYCLISTE Open 3<br \/>15. RODET Thibaut VELO CLUB MONTCELLIEN Open 2<br \/>16. BAGOU Thomas CHARVIEU CHAVAGNEUX I.C. Open 2<br \/>17. THEVENIN Maxence A.S. BERTHELOT MERMOZ Access 1<br \/>18. NICOLET Maxime ST DENIS CYCLISME Open 3<br \/>19. LESECQ Antonin CORBAS LYON METROPOLE Open 2 U23-1\u00a0<br \/>20. DUPERRON J\u00e9r\u00e9mie V.C. VILLEFRANCHE BEAUJOLAIS Open 3<br \/>21. MATHEAU Eric PARAY LE MONIAL CYCLISME Access 4<br \/>22. LEGAY Baptiste BOURG EN BRESSE AIN CYCLISME Open 2 U23-4\u00a0<br \/>23. VALET Mathieu Access 2\u00a0<br \/>24. BOUCHARD Paul Andr\u00e9 A.C. LYON VAISEOpen 3<br \/>25. ARNOUX Augustin LYON SPRINT EVOLUTION Open 1 U23-3\u00a0<br \/>26. DUPLAND Fr\u00e9d\u00e9ric U.C. BELLEVILLOISE Access 3<br \/>27. TETU Julien A.C. LYON VAISE Open 3<br \/>28. RAMBAUD Aur\u00e9lien V.C. ST QUENTIN FALLAVIER Access 1 U23-2\u00a0<br \/>29. LEGAY Antonin VELO CLUB D&rsquo;AMBERIEU Open 2 U23-1\u00a0<br \/>30. ROZAND Vivien CORBAS LYON METROPOLE Access 3<br \/>31. BEY Guillaume ST DENIS CYCLISME Access 2<br \/>32. DUCROUX Thibault U.C. BELLEVILLOISE Access 1<br \/>33. PERRET Daniel ST DENIS CYCLISME Access 3<br \/>34. BRAGA Maxime VC VILLEFRANCHE BEAUJOLAIS Access 1\u00a0<br \/>35. CHEVALIER Quentin CYCLING TREAM 01 Access 2\u00a0<br \/>36. GAFFARELLI Alban V.C. ST QUENTIN FALLAVIER Access 3<strong><br \/><\/strong><br \/><strong>U19 et F\u00e9minines<br \/><\/strong>1. BRUTIN Alban CORBAS LYON METROPOLE U17 U19-1 en 47&rsquo;20\u00a0\u00bb<br \/>2. SEIXAS Nino V.C. VILLEFRANCHE BEAUJOLAIS U17 U19-1<br \/>3. BERAUD Titouan CYCLING TEAM 01 U17 U19-1<br \/>4. BARLE MOYA Paolo V.C. VILLEFRANCHE BEAUJOLAIS Open 2 U19-2<br \/>5. MESSON Loris CYCLING TEAM 01 U17 U19-1<br \/>6. PIGNARD L\u00e9o V.C. ROANNAIS Open 3 U19-2<br \/>7. MEUNIER Noah CYCLING TEAM 01 U17 U19-1<br \/>8. ROUSSET Sacha V.C. ROANNAIS Open 3 U19-2<br \/>9. BARBARAT Lucas CORBAS LYON METROPOLE U17 U19-1<br \/>10. LEMAIRE Arthur CORBAS LYON METROPOLE U17 U19-1<br \/>11. COLLANGE Andrea CYCLING TEAM 01 U17 U19-1<br \/>12. MICHAUD L\u00e9andre V.C. VILLEFRANCHE BEAUJOLAIS U17 U19-1<br \/>13. CHARVOLIN Tom U.C. BELLEVILLOISE Open 3 U19-2<br \/>14. GANDRILLE Ma\u00ebl CYCLING TEAM 01 U17 U19-1<br \/>15. CURT Yanis E.C. BOURG EN BRESSE U17 U19-1<br \/>16. KAIKINGER J\u00e9r\u00e9my COURS LA VILLE CYCLISME Access 1 U19-2<br \/>17. VIONNET C\u00e9line U.C. BELLEVILLOISE Access 3<\/p>\n<p><strong>U17<br \/><\/strong>1. AUCLAIR Milo COURS LA VILLE CYCLISME U17-2 en 30&rsquo;45\u00a0\u00bb<br \/>2. FERRAND Tomy V.C. VILLEFRANCHE BEAUJOLAIS U17-2<br \/>3. GARDELLI Ilo\u00e9 CORBAS LYON METROPOLE U17-2<br \/>4. FELIX Valentin CORBAS LYON METROPOLE U17-1<br \/>5. DELOIRE Nathan COURS LA VILLE CYCLISME U17-1<br \/>6. JACQUES Louis LYON SPRINT EVOLUTION U17-1<br \/>7. MOLOZAY Marceau V.C. VILLEFRANCHE BEAUJOLAIS U17-2<br \/>8. RIGAULT Cl\u00e9ment V.C. VILLEFRANCHE BEAUJOLAIS U17-1<br \/>9. HOAREAU Lenny V.C. VILLEFRANCHE BEAUJOLAIS U17-1<br \/>10. JURDIE Axel E.C. ST ETIENNE &#8211; LOIRE U17-2<br \/>11. PONTET Jules CORBAS LYON METROPOLE U17-2<br \/>12. MOINE PICARD Charlie V.C. ST QUENTIN FALLAVIER U17-1<br \/>13. LIGOZAT Lucas CYCLING TEAM 01 U17-1<br \/>14. DUPONT Rose V.C. VILLEFRANCHE BEAUJOLAIS U17-2<br \/>15. TORRECILLAS Paul CORBAS LYON METROPOLE U17-1<br \/>16. FANTINO Malo V.C. VILLEFRANCHE BEAUJOLAIS U17-1<br \/>17. HUMBERT GAUCHER Jean Baptiste V.C. ST QUENTIN FALLAVIER U17-1<br \/>18. VADON Ethan COURS LA VILLE CYCLISME U17-1<br \/>19. BERTRAND Gabriel E.C. ST ETIENNE &#8211; LOIRE U17-1<br \/>20. BIROT Auguste CC ST MARTINOIS<br \/>21. GEORGES Flavien U.C. BELLEVILLOISE U17-1<\/p>\n<p><strong>U15<\/strong><br \/>1. ETHEVE Maxim CORBAS LYON METROPOLE U15 U15-2 en 21&rsquo;40<br \/>2. BOBILLIER CHAUMONT Ulysse CORBAS LYON METROPOLE U15 U15-2 00:40<br \/>3. PALLUET Victor COURS LA VILLE CYCLISME U15-1<br \/>4. PALLUET Albin COURS LA VILLE CYCLISME U15-2<br \/>5. PAUGET Gabriel E.C. BOURG EN BRESSE U15-1<br \/>6. ROZAND Angelyna CORBAS LYON METROPOLE U15-2<br \/>7. PALLUET Ma\u00ebl COURS LA VILLE CYCLISME U15-1<br \/>8. VIEVILLE L\u00e9o E.C. BOURG EN BRESSE U15-1<br \/>9. OBIOLS Gaspard CORBAS LYON METROPOLE U15-2<br \/>10. ALBAN Louison V.C. VILLEFRANCHE BEAUJOLAIS U15 U15-1<br \/>11. CARRARA Charlize V.C. VILLEFRANCHE BEAUJOLAIS U13 U15-1<br \/>12. CHAUMARD Melvil LYON SPRINT EVOLUTION U15 U15-2<br \/>13. DUMAS Antoine POMMIIERS VTT U15 1<\/p>\n<p><strong>U13<\/strong><br \/>1. JACQUES Albert\u00a0LYON SPRINT EVOLUTION en 18&rsquo;59\u00a0\u00bb<br \/>2. PERROT Mah\u00e9 C.C. ST MARTINOIS U13-2<br \/>3. BESSON Victor LYON SPRINT EVOLUTION U13-1<br \/>4. BARLE Sacha\u00a0V.C. VILLEFRANCHE BEAUJOLAIS<br \/>5. COMTE Hugo U.C. BELLEVILLOISE U13-2<br \/>6. CHANU Matt\u00e9o E.C. BOURG EN BRESSE U13-2<br \/>7. AGABRIEL Christophe LYON SPRINT EVOLUTION U13-1<br \/>8. SUCHET Aymeric COURS LA VILLE CYCLISME U13-1<br \/>9. JACQUET Corentin U.C. BELLEVILLOISE U13-2<\/p>\n<p><strong>U11<\/strong><br \/>1. QUANTIN Andr\u00e9a V.C. VILLEFRANCHE BEAUJOLAIS U11-2 en 10&rsquo;43\u00a0\u00bb<br \/>2. SAUZET VINDRET L\u00e9o V.C. VILLEFRANCHE BEAUJOLAIS U11-1<br \/>3. GOIFFON Eliott U.C. BELLEVILLOISE U11-2<br \/>4. FRANCE Malone E.C. BOURG EN BRESSE U11-2<br \/>5. RIGAULT Emma V.C. VILLEFRANCHE BEAUJOLAIS U11-1<br \/>6. WARTAK L\u00e9o PASSE PARTOUT VTT MACON U11-1<br \/>7. AGABRIEL Isabeau LYON SPRINT EVOLUTION U11-2<br \/>8. CORSIN MONDANGE Tima\u00ebl VS MACON<br \/>9. ROMAGNY Mah\u00e9 U.C. BELLEVILLOISE U11-1<\/p>\n<p><strong>U7 et U9<\/strong><br \/>1. CORSIN MONDANGE Tilian VS MACON U7<br \/>2. SALIGNAT L\u00e9on V.C. VILLEFRANCHE BEAUJOLAIS U9 U9-2 07:20<br \/>3. GRANY Victor CORBAS LYON METROPOLE U9 U9-2 09:08<br \/>Source : <a href=\"http:\/\/www.auvergnerhonealpescyclisme.com\" target=\"_blank\" rel=\"noopener\">www.auvergnerhonealpescyclisme.com<\/a><\/p>\n","protected":false},"excerpt":{"rendered":"Alexandre Langlais (Pommiers VTT) a remport\u00e9, ce samedi 1er novembre, le cyclo-cross du Lac des Sablons \u00e0 Belleville-en-Beaujolais&hellip;\n","protected":false},"author":2,"featured_media":509934,"comment_status":"","ping_status":"","sticky":false,"template":"","format":"standard","meta":{"footnotes":""},"categories":[1411],"tags":[834,828,836,829,837,827,83,826,824,823,1154,207,814,817,815,816,822,821,832,211,839,1011,27,820,818,819,835,831,830,833,838,60,212,208,825],"class_list":{"0":"post-509933","1":"post","2":"type-post","3":"status-publish","4":"format-standard","5":"has-post-thumbnail","7":"category-cyclisme","8":"tag-attaque","9":"tag-belgique","10":"tag-braquet","11":"tag-bretagne","12":"tag-chute","13":"tag-competition","14":"tag-coupe-de-france","15":"tag-coureur","16":"tag-course-cyclisme","17":"tag-course-cycliste","18":"tag-cycling","19":"tag-cyclisme","20":"tag-direct","21":"tag-direct-velo","22":"tag-directvelo","23":"tag-directvelo-com","24":"tag-epreuve","25":"tag-epreuve-cycliste","26":"tag-federation-francaise-de-cyclisme","27":"tag-ffc","28":"tag-flandres","29":"tag-fr","30":"tag-france","31":"tag-live","32":"tag-live-course","33":"tag-live-epreuve","34":"tag-peloton","35":"tag-radio-peloton","36":"tag-radio-tour","37":"tag-ravitaillement","38":"tag-relance","39":"tag-sports","40":"tag-uci","41":"tag-velo","42":"tag-velos"},"share_on_mastodon":{"url":"https:\/\/pubeurope.com\/@fr\/115488510711170126","error":""},"_links":{"self":[{"href":"https:\/\/www.europesays.com\/fr\/wp-json\/wp\/v2\/posts\/509933","targetHints":{"allow":["GET"]}}],"collection":[{"href":"https:\/\/www.europesays.com\/fr\/wp-json\/wp\/v2\/posts"}],"about":[{"href":"https:\/\/www.europesays.com\/fr\/wp-json\/wp\/v2\/types\/post"}],"author":[{"embeddable":true,"href":"https:\/\/www.europesays.com\/fr\/wp-json\/wp\/v2\/users\/2"}],"replies":[{"embeddable":true,"href":"https:\/\/www.europesays.com\/fr\/wp-json\/wp\/v2\/comments?post=509933"}],"version-history":[{"count":0,"href":"https:\/\/www.europesays.com\/fr\/wp-json\/wp\/v2\/posts\/509933\/revisions"}],"wp:featuredmedia":[{"embeddable":true,"href":"https:\/\/www.europesays.com\/fr\/wp-json\/wp\/v2\/media\/509934"}],"wp:attachment":[{"href":"https:\/\/www.europesays.com\/fr\/wp-json\/wp\/v2\/media?parent=509933"}],"wp:term":[{"taxonomy":"category","embeddable":true,"href":"https:\/\/www.europesays.com\/fr\/wp-json\/wp\/v2\/categories?post=509933"},{"taxonomy":"post_tag","embeddable":true,"href":"https:\/\/www.europesays.com\/fr\/wp-json\/wp\/v2\/tags?post=509933"}],"curies":[{"name":"wp","href":"https:\/\/api.w.org\/{rel}","templated":true}]}}