{"id":50994,"date":"2025-04-25T05:36:09","date_gmt":"2025-04-25T05:36:09","guid":{"rendered":"https:\/\/www.europesays.com\/fr\/50994\/"},"modified":"2025-04-25T05:36:09","modified_gmt":"2025-04-25T05:36:09","slug":"lassociation-qui-sublime-les-cultures-noires","status":"publish","type":"post","link":"https:\/\/www.europesays.com\/fr\/50994\/","title":{"rendered":"l&rsquo;association qui sublime les cultures noires"},"content":{"rendered":"<p>\u00ab Les personnes noires grandissent et vivent en se confrontant \u00e0 beaucoup de portes ferm\u00e9es \u00e0 cause de leur couleur. Il y a donc cette id\u00e9e selon laquelle nous apprenons \u00e0 soulever des montagnes, \u00e0 redoubler d&rsquo;efforts et de volont\u00e9 pour r\u00e9aliser ce que l&rsquo;on veut. Nous faisons l&rsquo;impossible, d&rsquo;o\u00f9 le nom de notre association\u00a0 \u00bb, pr\u00e9sente l&rsquo;artiste Heaven, le cr\u00e9ateur d&rsquo;Impossible but black.<\/p>\n<p>\u00c9tant n\u00e9 et ayant grandi aux Antilles, Heaven a fond\u00e9 ce collectif en 2019 pour rassembler des personnes autour de la cr\u00e9ation et de la diffusion des&#8230;<\/p>\n","protected":false},"excerpt":{"rendered":"\u00ab Les personnes noires grandissent et vivent en se confrontant \u00e0 beaucoup de portes ferm\u00e9es \u00e0 cause de&hellip;\n","protected":false},"author":2,"featured_media":50995,"comment_status":"","ping_status":"","sticky":false,"template":"","format":"standard","meta":{"footnotes":""},"categories":[2820],"tags":[1111,11,2389,2649,1687,2880,1777,674,107,1011,27,775,1061,12,25,104,640,2879,1631],"class_list":{"0":"post-50994","1":"post","2":"type-post","3":"status-publish","4":"format-standard","5":"has-post-thumbnail","7":"category-strasbourg","8":"tag-actu","9":"tag-actualites","10":"tag-alsace","11":"tag-bas-rhin","12":"tag-culture-loisirs","13":"tag-edition-strasbourg","14":"tag-eu","15":"tag-europe","16":"tag-fil-info","17":"tag-fr","18":"tag-france","19":"tag-grand-est","20":"tag-immigration","21":"tag-news","22":"tag-republique-francaise","23":"tag-societe","24":"tag-strasbourg","25":"tag-strasbourg-ville","26":"tag-vie-associative"},"share_on_mastodon":{"url":"https:\/\/pubeurope.com\/@fr\/114396986308801834","error":""},"_links":{"self":[{"href":"https:\/\/www.europesays.com\/fr\/wp-json\/wp\/v2\/posts\/50994","targetHints":{"allow":["GET"]}}],"collection":[{"href":"https:\/\/www.europesays.com\/fr\/wp-json\/wp\/v2\/posts"}],"about":[{"href":"https:\/\/www.europesays.com\/fr\/wp-json\/wp\/v2\/types\/post"}],"author":[{"embeddable":true,"href":"https:\/\/www.europesays.com\/fr\/wp-json\/wp\/v2\/users\/2"}],"replies":[{"embeddable":true,"href":"https:\/\/www.europesays.com\/fr\/wp-json\/wp\/v2\/comments?post=50994"}],"version-history":[{"count":0,"href":"https:\/\/www.europesays.com\/fr\/wp-json\/wp\/v2\/posts\/50994\/revisions"}],"wp:featuredmedia":[{"embeddable":true,"href":"https:\/\/www.europesays.com\/fr\/wp-json\/wp\/v2\/media\/50995"}],"wp:attachment":[{"href":"https:\/\/www.europesays.com\/fr\/wp-json\/wp\/v2\/media?parent=50994"}],"wp:term":[{"taxonomy":"category","embeddable":true,"href":"https:\/\/www.europesays.com\/fr\/wp-json\/wp\/v2\/categories?post=50994"},{"taxonomy":"post_tag","embeddable":true,"href":"https:\/\/www.europesays.com\/fr\/wp-json\/wp\/v2\/tags?post=50994"}],"curies":[{"name":"wp","href":"https:\/\/api.w.org\/{rel}","templated":true}]}}