{"id":509941,"date":"2025-11-04T00:10:52","date_gmt":"2025-11-04T00:10:52","guid":{"rendered":"https:\/\/www.europesays.com\/fr\/509941\/"},"modified":"2025-11-04T00:10:52","modified_gmt":"2025-11-04T00:10:52","slug":"charles-est-il-vraiment-hors-de-danger-judith-et-jordan-assistent-a-une-scene-inquietante-le-resume-de-lepisode-2067-du-mardi-4-novembre-2025","status":"publish","type":"post","link":"https:\/\/www.europesays.com\/fr\/509941\/","title":{"rendered":"Charles est-il vraiment hors de danger ? Judith et Jordan assistent \u00e0 une sc\u00e8ne inqui\u00e9tante\u2026 Le r\u00e9sum\u00e9 de l&rsquo;\u00e9pisode 2067 du mardi 4 novembre 2025"},"content":{"rendered":"<p><b>Mardi 4 novembre 2025\u00a0dans l&rsquo;\u00e9pisode 2067 de\u00a0<\/b><b>Demain nous appartient\u00a0<\/b><b>sur TF1<\/b>, dont\u00a0<a href=\"https:\/\/www.programme-tv.net\/news\/series-tv\/389870-exclu-demain-nous-appartient-sofia-bientot-de-retour-mais-elle-ne-sera-plus-jouee-par-emma-smet-decouvrez-la-nouvelle-interprete-de-la-fille-d-aurore-et-william-photos\/\" data-api-deeplink=\"teleloisirs:\/\/news\/389870\" target=\"_blank\" rel=\"noopener\">un personnage phare va bient\u00f4t faire son retour sous les traits d&rsquo;une nouvelle actrice<\/a> et qui <a href=\"https:\/\/www.programme-tv.net\/news\/series-tv\/391045-exclu-demain-nous-appartient-trois-nouveaux-comediens-arrivent-dans-le-feuilleton-et-leurs-personnages-vont-troubler-chloe-raphaelle-sara-et-roxane\/\" data-api-deeplink=\"teleloisirs:\/\/news\/391045\" target=\"_blank\" rel=\"noopener\">accueillera bient\u00f4t trois nouveaux protagonistes<\/a>&#8230; En entrant dans la chambre de Violette, Philippine trouve un briquet et se met \u00e0 fouiller ailleurs. Violette arrive et sa m\u00e8re lui reproche de lui mentir \u00e0 propos de sa consommation de cannabis. La jeune fille vide sa pochette pour prouver \u00e0 sa m\u00e8re qu&rsquo;elle ne fume plus, et Philippine voit alors <a href=\"https:\/\/www.programme-tv.net\/news\/series-tv\/391082-demain-nous-appartient-en-avance-kevin-est-arrete-par-la-police-ellie-donne-la-carte-sd-a-violette-le-resume-de-l-episode-2066-du-lundi-3-novembre-2025\/\" data-api-deeplink=\"teleloisirs:\/\/news\/391082\" target=\"_blank\" rel=\"noopener\">la fameuse carte SD<\/a> mais Violette la lui reprend. La m\u00e8re informe Charles de cette d\u00e9couverte.<\/p>\n<p>Demain nous appartient en avance : Charles semble hors de danger<\/p>\n<p>Au Little Spoon, Charles et Violette se retrouvent pour d\u00e9jeuner. Quand la jeune fille s&rsquo;absente pour demander un donut \u00e0 Valentine, il en profite pour fouiller dans le manteau de sa s\u0153ur qui le voit faire. Mais il pr\u00e9tend qu&rsquo;il cherchait des mouchoirs. Violette se rend au commissariat pour donner la carte SD \u00e0 Roxane afin de v\u00e9rifier si elle fonctionne encore ou pas. Charles rentre chez lui et apporte la vraie carte SD \u00e0 sa m\u00e8re, boulevers\u00e9 d&rsquo;avoir revu la vid\u00e9o de l&rsquo;homme qu&rsquo;il a tu\u00e9. Mais Philippine d\u00e9truit la carte et lui dit de se ressaisir. Au lyc\u00e9e, en lui rendant la carte SD, Violette raconte \u00e0 Ellie qu&rsquo;il n&rsquo;y avait rien dessus. Ellie remercie sa camarade en lui prenant la main, et Violette s&rsquo;en va pr\u00e9cipitamment.<\/p>\n<p>En rentrant, Ellie se confie \u00e0 Samuel sur les sentiments qu&rsquo;elle a pour Violette. Il la met en garde pour ne pas souffrir car \u00ab\u00a0peut-\u00eatre que Violette est plus branch\u00e9e gar\u00e7ons\u00a0\u00bb . Ils discutent ensuite du fait qu&rsquo;aujourd&rsquo;hui, la g\u00e9n\u00e9ration d&rsquo;Ellie est plus \u00ab\u00a0open\u00a0\u00bb et \u00ab\u00a0ce n&rsquo;est plus une question de genre\u00a0\u00bb. Violette appelle ensuite Bastien et lui parle de ses \u00e9tats d&rsquo;\u00e2me \u00e0 propos de Jordan, elle l&rsquo;invite \u00e0 d\u00eener mais il ne peut pas. Elle sort alors du cannabis de sous son oreiller.<\/p>\n<p>Demain nous appartient en avance : Esm\u00e9e et Diane sont houspill\u00e9es par leur p\u00e8re<\/p>\n<p>Au Spoon, Sylvain pr\u00e9vient Alex que l&rsquo;appartement qu&rsquo;il veut acheter pour Judith va bient\u00f4t \u00eatre mis sur le march\u00e9. Alex voit entrer Jordan avec Diane et va les voir pour v\u00e9rifier que Jordan ne trompe pas Judith. Sylvain se moque de son ami en lui disant qu&rsquo;il lui a fait penser \u00e0 \u00ab\u00a0Christelle mais en pire\u00a0\u00bb. Aux halles, Judith rencontre Romain qui travaille d\u00e9sormais dans un caf\u00e9, mais il semble un peu d\u00e9bord\u00e9. Judith raconte sa d\u00e9couverte \u00e0 Noor au t\u00e9l\u00e9phone. C\u00f4t\u00e9 Judith, Alex se m\u00eale de la conversation, tandis que Benny charrie Noor \u00e0 l&rsquo;h\u00f4pital avant de lui conseiller de ne pas trop s&rsquo;impliquer avec Romain.<\/p>\n<p>Plus tard, Chlo\u00e9 propose \u00e0 Alex d&rsquo;aller rendre visite \u00e0 leurs enfants aux \u00c9tats-Unis, une fois que Judith y sera retourn\u00e9e. Alex raconte tout \u00e0 propos du projet d&rsquo;achat d&rsquo;appartement. Chlo\u00e9 est choqu\u00e9e qu&rsquo;il ne lui en ait pas parl\u00e9 avant. Les ayant rejoint, Marianne, au contraire, se r\u00e9jouit de l&rsquo;id\u00e9e d&rsquo;Alex et propose de payer les frais de notaire. Noor rend visite \u00e0 Romain au caf\u00e9, lequel s&rsquo;excuse pour son comportement de la veille. Sylvain annonce \u00e0 Alex que l&rsquo;appartement n&rsquo;est plus en vente. Il s&rsquo;excuse aupr\u00e8s de Chlo\u00e9, puis ils se r\u00e9concilient. De son c\u00f4t\u00e9, Judith retrouve Jordan devant le lyc\u00e9e et ils voient au loin Esm\u00e9e et Diane houspill\u00e9es par leur p\u00e8re.<\/p>\n<p>Demain nous appartient en avance : Erica se mobilise pour K\u00e9vin et Benny<\/p>\n<p>Dans son bureau, Erica reproche \u00e0 Kevin son comportement concernant le vol des bijoux et le met en garde pour la suite de l&rsquo;ann\u00e9e. Puis, elle lui dit qu&rsquo;elle va appeler un parent d&rsquo;\u00e9l\u00e8ve qui si\u00e8ge \u00e0 l&rsquo;office HLM pour l&rsquo;aider \u00e0 trouver un logement avec son fr\u00e8re Benny. En sortant du bureau, Kevin fait le malin devant ses amis puis leur raconte son entretien.<\/p>\n","protected":false},"excerpt":{"rendered":"Mardi 4 novembre 2025\u00a0dans l&rsquo;\u00e9pisode 2067 de\u00a0Demain nous appartient\u00a0sur TF1, dont\u00a0un personnage phare va bient\u00f4t faire son retour&hellip;\n","protected":false},"author":2,"featured_media":509942,"comment_status":"","ping_status":"","sticky":false,"template":"","format":"standard","meta":{"footnotes":""},"categories":[1356],"tags":[244,3598,5247,58,59,1011,27,5249,5248,5246,252,199,1364],"class_list":{"0":"post-509941","1":"post","2":"type-post","3":"status-publish","4":"format-standard","5":"has-post-thumbnail","7":"category-television","8":"tag-commentaire","9":"tag-demain-nous-appartient","10":"tag-demain-nous-appartient-en-avance","11":"tag-divertissement","12":"tag-entertainment","13":"tag-fr","14":"tag-france","15":"tag-mytf1-max","16":"tag-ru00e9sumu00e9-demain-nous-appartient","17":"tag-ru00e9sumu00e9-en-avance-demain-nous-appartient","18":"tag-television","19":"tag-tf1","20":"tag-tv"},"share_on_mastodon":{"url":"https:\/\/pubeurope.com\/@fr\/115488534244854066","error":""},"_links":{"self":[{"href":"https:\/\/www.europesays.com\/fr\/wp-json\/wp\/v2\/posts\/509941","targetHints":{"allow":["GET"]}}],"collection":[{"href":"https:\/\/www.europesays.com\/fr\/wp-json\/wp\/v2\/posts"}],"about":[{"href":"https:\/\/www.europesays.com\/fr\/wp-json\/wp\/v2\/types\/post"}],"author":[{"embeddable":true,"href":"https:\/\/www.europesays.com\/fr\/wp-json\/wp\/v2\/users\/2"}],"replies":[{"embeddable":true,"href":"https:\/\/www.europesays.com\/fr\/wp-json\/wp\/v2\/comments?post=509941"}],"version-history":[{"count":0,"href":"https:\/\/www.europesays.com\/fr\/wp-json\/wp\/v2\/posts\/509941\/revisions"}],"wp:featuredmedia":[{"embeddable":true,"href":"https:\/\/www.europesays.com\/fr\/wp-json\/wp\/v2\/media\/509942"}],"wp:attachment":[{"href":"https:\/\/www.europesays.com\/fr\/wp-json\/wp\/v2\/media?parent=509941"}],"wp:term":[{"taxonomy":"category","embeddable":true,"href":"https:\/\/www.europesays.com\/fr\/wp-json\/wp\/v2\/categories?post=509941"},{"taxonomy":"post_tag","embeddable":true,"href":"https:\/\/www.europesays.com\/fr\/wp-json\/wp\/v2\/tags?post=509941"}],"curies":[{"name":"wp","href":"https:\/\/api.w.org\/{rel}","templated":true}]}}