{"id":509946,"date":"2025-11-04T00:14:13","date_gmt":"2025-11-04T00:14:13","guid":{"rendered":"https:\/\/www.europesays.com\/fr\/509946\/"},"modified":"2025-11-04T00:14:13","modified_gmt":"2025-11-04T00:14:13","slug":"il-peut-fausser-les-resultats-dun-examen-medical","status":"publish","type":"post","link":"https:\/\/www.europesays.com\/fr\/509946\/","title":{"rendered":"il peut fausser les r\u00e9sultats d&rsquo;un examen m\u00e9dical"},"content":{"rendered":"<p class=\"app_entry_lead\">\n<p>                    <a title=\"\u00a0\u00a9\u00a0123RF\" href=\"https:\/\/www.europesays.com\/fr\/wp-content\/uploads\/2025\/11\/81524881.jpg\" class=\"fancy\"><\/p>\n<p>                            <img loading=\"lazy\" decoding=\"async\" src=\"https:\/\/www.europesays.com\/fr\/wp-content\/uploads\/2025\/11\/81524881.jpg\" alt=\"Il faut absolument le dire si vous prenez ce m\u00e9dicament\u00a0: il peut fausser les r\u00e9sultats d'un examen m\u00e9dical\" width=\"1500\" height=\"1000\"\/><\/p>\n<p>                    <\/a><\/p>\n<p>                Un m\u00e9dicament tr\u00e8s prescrit pourrait perturber l&rsquo;interpr\u00e9tation des r\u00e9sultats d&rsquo;examens m\u00e9dicaux selon des chercheurs.<\/p>\n<p>Tous les m\u00e9dicaments peuvent avoir des effets secondaires, mais un risque inhabituel et jusqu&rsquo;alors m\u00e9connu a \u00e9t\u00e9 d\u00e9couvert. Des chercheurs ont observ\u00e9 des r\u00e9sultats anormaux d&rsquo;un examen m\u00e9dical chez un patient, ce qui les \u00ab\u00a0a conduits \u00e0 \u00e9largir l&rsquo;\u00e9tude\u00a0\u00bb \u00e0 l&rsquo;ensemble de leur r\u00e9seau, a expliqu\u00e9\u00a0dans un <a href=\"https:\/\/eanm.org\/wp-content\/uploads\/2025\/10\/EANM_25_Press_Release_GLP-1_agonists_pose_emerging_challenge_for_PET-CT_imaging_study_finds.pdf\" target=\"_blank\" rel=\"noopener\">communiqu\u00e9<\/a> le Dr Peter Strouhal, directeur m\u00e9dical d&rsquo;Alliance Medical Ltd, une soci\u00e9t\u00e9 de radiologie britannique.\u00a0<\/p>\n<p>Avec son \u00e9quipe, il a ainsi analys\u00e9 l&rsquo;ensemble des examens de PET-Scan, r\u00e9alis\u00e9s notamment en canc\u00e9rologie, chez les patients qui prenaient ce m\u00e9dicament tr\u00e8s populaire. Ils ont observ\u00e9 des r\u00e9sultats \u00ab\u00a0atypiques, susceptibles d&rsquo;\u00eatre mal interpr\u00e9t\u00e9s\u00a0\u00bb.\u00a0Mais comment expliquer ce ph\u00e9nom\u00e8ne ?\u00a0Lors de ces scanners, un produit est inject\u00e9 et est absorb\u00e9 par les cellules tumorales ou inflammatoires, ce qui permet de les voir sur les r\u00e9sultats.\u00a0Le probl\u00e8me, c&rsquo;est que le m\u00e9dicament concern\u00e9 modifie l&rsquo;absorption du produit inject\u00e9, ce qui peut donc perturber l&rsquo;interpr\u00e9tation des r\u00e9sultats.\u00a0Des tissus sains peuvent ainsi \u00eatre confondus avec une tumeur ou une maladie inflammatoire.<\/p>\n<p><img decoding=\"async\" alt=\"\" src=\"https:\/\/www.europesays.com\/fr\/wp-content\/uploads\/2025\/11\/81529667.jpg\"\/><br \/>\n\u00a9\u00a0123RF<\/p>\n<p>Cela est loin d&rsquo;\u00eatre anodin, puisque \u00ab\u00a0une mauvaise interpr\u00e9tation peut entra\u00eener des examens compl\u00e9mentaires inutiles, une mauvaise \u00e9valuation du stade du cancer et des retards de traitement, g\u00e9n\u00e9rant stress et incertitude chez les patients\u00a0\u00bb, alerte le communiqu\u00e9 du congr\u00e8s 2025\u00a0de\u00a0l&rsquo;Association europ\u00e9enne de m\u00e9decine nucl\u00e9aire o\u00f9 ces r\u00e9sultats ont \u00e9t\u00e9 pr\u00e9sent\u00e9s.\u00a0<\/p>\n<p>Les chercheurs ont constat\u00e9 que ces anormalit\u00e9s \u00ab\u00a0sont de plus en plus fr\u00e9quentes, alors qu&rsquo;il n&rsquo;existe actuellement aucune recommandation nationale ou internationale pour faire face \u00e0 ce ph\u00e9nom\u00e8ne\u00a0\u00bb. Ce probl\u00e8me est de plus en plus fr\u00e9quent probablement car les m\u00e9dicaments concern\u00e9s sont de plus en plus populaires.\u00a0Environ 700\u00a0000\u00a0personnes en prennent en France, et m\u00eame 1\u00a0am\u00e9ricain sur 8\u00a0! Il s&rsquo;agit des m\u00e9dicaments de la famille des \u00ab\u00a0analogues du GLP-1\u00a0\u00bb, comme Ozempic ou Wegovy.\u00a0Ces m\u00e9dicaments, \u00e0 l&rsquo;origine prescrits en traitement du diab\u00e8te de type 2, sont aujourd&rsquo;hui aussi indiqu\u00e9s contre l&rsquo;ob\u00e9sit\u00e9.\u00a0<\/p>\n<p>Les chercheurs pr\u00e9voient d&rsquo;\u00e9largir leur \u00e9tude \u00ab\u00a0afin de renforcer les preuves en vue de l&rsquo;\u00e9laboration de directives nationales\u00a0\u00bb. Bien s\u00fbr, il ne faut pas arr\u00eater de prendre son traitement GLP-1. Mais les auteurs de l&rsquo;\u00e9tude \u00ab\u00a0conseillent toutefois aux \u00e9quipes d&rsquo;imagerie de documenter soigneusement les m\u00e9dicaments pris par les patients afin d&rsquo;orienter l&rsquo;interpr\u00e9tation\u00a0\u00bb, ce qui doit normalement \u00eatre le cas.\u00a0Si vous prenez un traitement de la famille des agonistes du GLP-1, il est pr\u00e9f\u00e9rable de s&rsquo;assurer que le radiologue en soit inform\u00e9 avant un PET-Scan afin d&rsquo;\u00e9viter tout risque.<\/p>\n","protected":false},"excerpt":{"rendered":"Un m\u00e9dicament tr\u00e8s prescrit pourrait perturber l&rsquo;interpr\u00e9tation des r\u00e9sultats d&rsquo;examens m\u00e9dicaux selon des chercheurs. Tous les m\u00e9dicaments peuvent&hellip;\n","protected":false},"author":2,"featured_media":509947,"comment_status":"","ping_status":"","sticky":false,"template":"","format":"standard","meta":{"footnotes":""},"categories":[10],"tags":[63139,51761,51763,1011,27,72,51979,16292,51767,71],"class_list":{"0":"post-509946","1":"post","2":"type-post","3":"status-publish","4":"format-standard","5":"has-post-thumbnail","7":"category-sante","8":"tag-cms-linternaute-9022153","9":"tag-controller-content","10":"tag-format-papier","11":"tag-fr","12":"tag-france","13":"tag-health","14":"tag-les-histoires-de-linternaute","15":"tag-medicaments","16":"tag-parallaxeinfeed","17":"tag-sante"},"share_on_mastodon":{"url":"https:\/\/pubeurope.com\/@fr\/115488546798244854","error":""},"_links":{"self":[{"href":"https:\/\/www.europesays.com\/fr\/wp-json\/wp\/v2\/posts\/509946","targetHints":{"allow":["GET"]}}],"collection":[{"href":"https:\/\/www.europesays.com\/fr\/wp-json\/wp\/v2\/posts"}],"about":[{"href":"https:\/\/www.europesays.com\/fr\/wp-json\/wp\/v2\/types\/post"}],"author":[{"embeddable":true,"href":"https:\/\/www.europesays.com\/fr\/wp-json\/wp\/v2\/users\/2"}],"replies":[{"embeddable":true,"href":"https:\/\/www.europesays.com\/fr\/wp-json\/wp\/v2\/comments?post=509946"}],"version-history":[{"count":0,"href":"https:\/\/www.europesays.com\/fr\/wp-json\/wp\/v2\/posts\/509946\/revisions"}],"wp:featuredmedia":[{"embeddable":true,"href":"https:\/\/www.europesays.com\/fr\/wp-json\/wp\/v2\/media\/509947"}],"wp:attachment":[{"href":"https:\/\/www.europesays.com\/fr\/wp-json\/wp\/v2\/media?parent=509946"}],"wp:term":[{"taxonomy":"category","embeddable":true,"href":"https:\/\/www.europesays.com\/fr\/wp-json\/wp\/v2\/categories?post=509946"},{"taxonomy":"post_tag","embeddable":true,"href":"https:\/\/www.europesays.com\/fr\/wp-json\/wp\/v2\/tags?post=509946"}],"curies":[{"name":"wp","href":"https:\/\/api.w.org\/{rel}","templated":true}]}}