{"id":509950,"date":"2025-11-04T00:16:13","date_gmt":"2025-11-04T00:16:13","guid":{"rendered":"https:\/\/www.europesays.com\/fr\/509950\/"},"modified":"2025-11-04T00:16:13","modified_gmt":"2025-11-04T00:16:13","slug":"jerome-commandeur-recadre-julien-bellver-dans-quotidien","status":"publish","type":"post","link":"https:\/\/www.europesays.com\/fr\/509950\/","title":{"rendered":"J\u00e9r\u00f4me Commandeur recadre Julien Bellver dans \u00abQuotidien\u00bb"},"content":{"rendered":"<p>    Julien Bellver et J\u00e9r\u00f4me Commandeur<br \/>\n                Capture d&rsquo;\u00e9cran<\/p>\n<p>\n    L\u2019acteur et r\u00e9alisateur \u00e9tait l\u2019invit\u00e9 de Yann Barth\u00e8s pour pr\u00e9senter son dernier film T\u2019as pas chang\u00e9. Une th\u00e9matique qui n\u2019a pas convaincu le journaliste du talk-show.<\/p>\n<p class=\"fig-paragraph\">\u00abTu n\u2019as pas chang\u00e9.\u00bb Une phrase entendue de tous, quel que soit son sens et que\u00a0<a href=\"https:\/\/www.lefigaro.fr\/tag\/jerome-commandeur\" target=\"_blank\" rel=\"sponsored noopener\" data-gtm-custom-categorie=\"navigation\" data-gtm-custom-action=\"crossclick\" data-gtm-custom-label=\"Contextuel\" data-gtm-event=\"customEventSPE\">J\u00e9r\u00f4me Commandeur<\/a>\u00a0a choisi comme point de d\u00e9part pour son dernier film. Aussi bien r\u00e9alisateur qu\u2019acteur, ce long-m\u00e9trage, en salle mercredi 5 novembre traite des retrouvailles bouleversantes et d\u00e9cal\u00e9es de quatre quinquas avec leurs camarades de lyc\u00e9e, trente ans plus tard.<\/p>\n<p class=\"fig-paragraph\">Et, comme pour donner encore plus de sens \u00e0 son film, J\u00e9r\u00f4me Commandeur a lui-m\u00eame effectu\u00e9 ce cheminement avec les anciens de sa promo du lyc\u00e9e. \u00abJe l\u2019ai fait il y a dix-huit mois et c\u2019\u00e9tait magnifique. [&#8230;] J\u2019ai descendu la petite pente du restaurant qu\u2019on avait lou\u00e9. On \u00e9tait une centaine quand m\u00eame. Et j\u2019ai entendu toutes les voix. C\u2019est cin\u00e9matographique, c\u2019\u00e9tait beau\u00bb, s\u2019exclame-t-il ce lundi 3 novembre face \u00e0<a href=\"https:\/\/www.lefigaro.fr\/tag\/yann-barthes\" target=\"_blank\" rel=\"sponsored noopener\" data-gtm-custom-categorie=\"navigation\" data-gtm-custom-action=\"crossclick\" data-gtm-custom-label=\"Contextuel\" data-gtm-event=\"customEventSPE\">\u00a0Yann Barth\u00e8s<\/a>\u00a0dans\u00a0<a href=\"https:\/\/tvmag.lefigaro.fr\/programme-tv\/programme\/quotidien-d548742687\" target=\"_blank\" rel=\"sponsored noopener\" data-gtm-custom-categorie=\"navigation\" data-gtm-custom-action=\"crossclick\" data-gtm-custom-label=\"Contextuel\" data-gtm-event=\"customEventSPE\">\u00abQuotidien\u00bb<\/a>\u00a0sur\u00a0<a href=\"https:\/\/tvmag.lefigaro.fr\/programme-tv\/chaine\/195\/tous-les-programmes-de-tmc\" target=\"_blank\" rel=\"sponsored noopener\" data-gtm-custom-categorie=\"navigation\" data-gtm-custom-action=\"crossclick\" data-gtm-custom-label=\"Contextuel\" data-gtm-event=\"customEventSPE\">TMC<\/a>.<\/p>\n<p class=\"fig-body-link\">\n            \u00c0 lire aussi<br \/>\n        <a class=\"fig-body-link__link\" href=\"http:\/\/tvmag.lefigaro.fr\/programme-tv\/actu-tele\/jerome-commandeur-pasticheur-en-chef-a-la-television-20241218\" target=\"_blank\" data-fig-type=\"Article\" rel=\"noopener\" data-gtm-custom-categorie=\"navigation\" data-gtm-custom-action=\"crossclick\" data-gtm-custom-label=\"Contextuel\" data-gtm-event=\"customEventSPE\" data-fig-domain=\"TVMAG\"><\/p>\n<p>        J\u00e9r\u00f4me Commandeur, pasticheur en chef \u00e0 la t\u00e9l\u00e9vision<br \/>\n    <\/a>\n<\/p>\n<p>                                    <a class=\"fig-a11y-skip a11y-hidden\" href=\"#fig-a11y-skip-main-inarticle\"><br \/>\n        Passer la publicit\u00e9<br \/>\n    <\/a><\/p>\n<p class=\"fig-paragraph\">\u00abLes gens se sont pris dans les bras. Il y en a qui avaient les larmes aux yeux, il y avait des cris\u00bb, raconte l\u2019acteur avant d\u2019ironiser sur ces retrouvailles\u00a0: \u00abDes cris d\u2019effroi aussi. Moi, c\u2019est rest\u00e9 tr\u00e8s int\u00e9rieur parce que j\u2019ai \u00e9t\u00e9 bien \u00e9lev\u00e9 mais&#8230;\u00bb Une pratique qui semble particuli\u00e8rement incompr\u00e9hensible au chroniqueur\u00a0<a href=\"https:\/\/www.lefigaro.fr\/tag\/julien-bellver\" target=\"_blank\" rel=\"sponsored noopener\" data-gtm-custom-categorie=\"navigation\" data-gtm-custom-action=\"crossclick\" data-gtm-custom-label=\"Contextuel\" data-gtm-event=\"customEventSPE\">Julien Bellver<\/a>. \u00abMais tout le monde a aim\u00e9 ce moment\u00a0? C\u2019est bizarre de revenir dans le pass\u00e9 comme \u00e7a\u00bb, souligne-t-il suscitant l\u2019\u00e9tonnement de son interlocuteur. \u00abMais pourquoi vous auriez peur\u00a0? Non mais parce que \u00e7a m\u2019int\u00e9resse\u00bb, lance J\u00e9r\u00f4me Commandeur tandis que le journaliste r\u00e9torque sobrement ne \u00abpas \u00eatre s\u00fbr de vouloir revenir dans le pass\u00e9\u00bb.<\/p>\n<p class=\"fig-paragraph\">Le r\u00e9alisateur, bien d\u00e9cid\u00e9 \u00e0 d\u00e9fendre la raison d\u2019\u00eatre de son film, argumente en avan\u00e7ant que ce sentiment de crainte peut \u00eatre humain. Tout en revenant sur ses tourn\u00e9es d\u2019avant-premi\u00e8re, lorsque le public lui partageait ses peurs de se pr\u00e9senter aux gens qu\u2019ils n\u2019ont pas vu depuis plusieurs d\u00e9cennies. \u00abMais au bout de 2 minutes 12, il n\u2019y avait plus de\u00a0: \u201cje suis com\u00e9dien\u201d, \u201cje bosse \u00e0 Air France\u201d, \u201cje suis menuisier\u201d. C\u2019\u00e9taient les souvenirs directs\u00bb reconna\u00eet J\u00e9r\u00f4me Commandeur. Une r\u00e9ponse que Julien Bellver n\u2019int\u00e8gre visiblement pas dans son int\u00e9gralit\u00e9 au vu de sa question suivante. \u00abEt vous \u00e9tiez la seule star\u00a0?\u00bb, s\u2019essaye-t-il, tombant tout bonnement \u00e0 c\u00f4t\u00e9 du sujet.<\/p>\n<p class=\"fig-paragraph\">\u00abNon mais la seule star\u00bb, reprend l\u2019acteur, prenant un ton un brin exc\u00e9d\u00e9 et levant les yeux au ciel. Une r\u00e9action provoquant le rire de Yann Barth\u00e8s, aux premi\u00e8res loges pour la suite de sa r\u00e9plique. \u00abEt toi tu crois que je vais reprendre\u00a0: \u201cOui oui, il n\u2019y avait que des inconnus\u201d\u00bb, ajoute l\u2019humoriste entrant dans un r\u00f4le et mimant de fumer avec un air emprunt\u00e9. Et de poursuivre redevenant \u00abJ\u00e9r\u00f4me Commandeur\u00bb\u00a0: \u00abJustement, c\u2019est ce que je suis en train de te dire\u00a0! On s\u2019en fout de \u00e7a\u00a0! Ce qu\u2019on a envie c\u2019est de reprendre dans les bras Alexandra, S\u00e9bastien, David, Nicolas, Justine, Marthe, Marie\u00a0! C\u2019est \u00e7a qu\u2019on a envie de faire\u00a0!\u00bb Outre le fou rire de Yann Barth\u00e8s suscit\u00e9 par cette s\u00e9quence, Julien Bellver s\u2019est lui-m\u00eame amus\u00e9 de la situation en avouant\u00a0: \u00abJe ne suis pas sensible \u00e0 ce&#8230;.\u00bb Et de se faire traiter avec second degr\u00e9 de \u00abc\u0153ur de pierre\u00bb par l\u2019invit\u00e9.<\/p>\n","protected":false},"excerpt":{"rendered":"Julien Bellver et J\u00e9r\u00f4me Commandeur Capture d&rsquo;\u00e9cran L\u2019acteur et r\u00e9alisateur \u00e9tait l\u2019invit\u00e9 de Yann Barth\u00e8s pour pr\u00e9senter son&hellip;\n","protected":false},"author":2,"featured_media":509951,"comment_status":"","ping_status":"","sticky":false,"template":"","format":"standard","meta":{"footnotes":""},"categories":[8],"tags":[58,59,1011,27,35843,63140,8648],"class_list":{"0":"post-509950","1":"post","2":"type-post","3":"status-publish","4":"format-standard","5":"has-post-thumbnail","7":"category-divertissement","8":"tag-divertissement","9":"tag-entertainment","10":"tag-fr","11":"tag-france","12":"tag-jerome-commandeur","13":"tag-julien-bellver","14":"tag-tmc"},"share_on_mastodon":{"url":"https:\/\/pubeurope.com\/@fr\/115488554037025526","error":""},"_links":{"self":[{"href":"https:\/\/www.europesays.com\/fr\/wp-json\/wp\/v2\/posts\/509950","targetHints":{"allow":["GET"]}}],"collection":[{"href":"https:\/\/www.europesays.com\/fr\/wp-json\/wp\/v2\/posts"}],"about":[{"href":"https:\/\/www.europesays.com\/fr\/wp-json\/wp\/v2\/types\/post"}],"author":[{"embeddable":true,"href":"https:\/\/www.europesays.com\/fr\/wp-json\/wp\/v2\/users\/2"}],"replies":[{"embeddable":true,"href":"https:\/\/www.europesays.com\/fr\/wp-json\/wp\/v2\/comments?post=509950"}],"version-history":[{"count":0,"href":"https:\/\/www.europesays.com\/fr\/wp-json\/wp\/v2\/posts\/509950\/revisions"}],"wp:featuredmedia":[{"embeddable":true,"href":"https:\/\/www.europesays.com\/fr\/wp-json\/wp\/v2\/media\/509951"}],"wp:attachment":[{"href":"https:\/\/www.europesays.com\/fr\/wp-json\/wp\/v2\/media?parent=509950"}],"wp:term":[{"taxonomy":"category","embeddable":true,"href":"https:\/\/www.europesays.com\/fr\/wp-json\/wp\/v2\/categories?post=509950"},{"taxonomy":"post_tag","embeddable":true,"href":"https:\/\/www.europesays.com\/fr\/wp-json\/wp\/v2\/tags?post=509950"}],"curies":[{"name":"wp","href":"https:\/\/api.w.org\/{rel}","templated":true}]}}