{"id":509956,"date":"2025-11-04T00:19:13","date_gmt":"2025-11-04T00:19:13","guid":{"rendered":"https:\/\/www.europesays.com\/fr\/509956\/"},"modified":"2025-11-04T00:19:13","modified_gmt":"2025-11-04T00:19:13","slug":"le-hamas-denonce-le-fascisme-en-israel-apres-ce-vote-en-faveur-de-la-peine-de-mort","status":"publish","type":"post","link":"https:\/\/www.europesays.com\/fr\/509956\/","title":{"rendered":"Le Hamas d\u00e9nonce le \u00ab\u00a0fascisme\u00a0\u00bb en Isra\u00ebl apr\u00e8s ce vote en faveur de la peine de mort"},"content":{"rendered":"<p>        <img decoding=\"async\" loading=\"lazy\" src=\"https:\/\/www.europesays.com\/fr\/wp-content\/uploads\/2025\/11\/e3aaa1a_upload-1-msvfahofza54-afp-20251013-78k84cc-v1-highres-israeluspalestinianconflicttrump.jpg\"  width=\"728\" height=\"410\" alt=\"Photo d\u2019illustration du ministre isra\u00e9lien de la S\u00e9curit\u00e9 nationale, Itamar Ben Gvir, \u00e0 la Knesset, le 13\u00a0octobre 2025.\"\/>  <\/p>\n<p>CHIP SOMODEVILLA \/ AFP<\/p>\n<p>Photo d\u2019illustration du ministre isra\u00e9lien de la S\u00e9curit\u00e9 nationale, Itamar Ben Gvir, \u00e0 la Knesset, le 13\u00a0octobre 2025.<\/p>\n<p class=\"asset asset-text\">INTERNATIONAL &#8211;  Une mesure soutenue par le ministre isra\u00e9lien de la S\u00e9curit\u00e9 nationale d\u2019extr\u00eame droite<a href=\"https:\/\/www.huffingtonpost.fr\/international\/article\/la-provocation-du-ministre-d-extreme-droite-israelien-ben-gvir-venu-confronter-un-leader-palestinien-en-prison_253633.html\" target=\"_blank\" rel=\"noopener\"> Itamar Ben Gvir<\/a>. La commission de S\u00e9curit\u00e9 nationale de la <a href=\"https:\/\/www.huffingtonpost.fr\/international\/video\/pendant-le-discours-de-donald-trump-deux-deputes-expulses-manu-militari-du-parlement-israelien_255939.html\" target=\"_blank\" rel=\"noopener\">Knesset<\/a> a vot\u00e9 ce lundi 3\u00a0novembre en faveur d\u2019une proposition de loi instaurant la peine de mort pour les auteurs d\u2019attaques jug\u00e9es \u00ab\u00a0terroristes\u00a0\u00bb.<\/p>\n<p class=\"asset asset-text\">La commission a approuv\u00e9 un amendement au Code p\u00e9nal, qui sera maintenant transmis au Parlement pour un vote en premi\u00e8re lecture, une loi \u00e9tant instaur\u00e9e en Isra\u00ebl apr\u00e8s une vote en troisi\u00e8me lecture. Selon le m\u00e9diateur isra\u00e9lien charg\u00e9 des otages, Gal Hirsch, le Premier ministre Benjamin Netanyahu soutient aussi cette initiative.<\/p>\n<p class=\"asset asset-text\">Dans un communiqu\u00e9, le Hamas a r\u00e9agi lundi soir en affirmant que l\u2019initiative de la commission \u00ab\u00a0incarne le visage fasciste hideux de l\u2019occupation sioniste ill\u00e9gitime et constitue une violation flagrante du droit international\u00a0\u00bb. \u00ab\u00a0Nous appelons les Nations unies, la communaut\u00e9 internationale et les organisations pertinentes des droits de l\u2019Homme et humanitaires \u00e0 prendre des mesures imm\u00e9diates pour arr\u00eater ce crime brutal\u00a0\u00bb, a ajout\u00e9 le mouvement islamiste palestinien.<\/p>\n<p>    Peine \u00ab\u00a0non optionnelle\u00a0\u00bb    <\/p>\n<p class=\"asset asset-text\">Le minist\u00e8re palestinien des Affaires \u00e9trang\u00e8res et des expatri\u00e9s, bas\u00e9 \u00e0 Ramallah, a \u00e9galement d\u00e9nonc\u00e9 cette d\u00e9cision, la qualifiant de \u00ab\u00a0nouvelle forme d\u2019extr\u00e9misme isra\u00e9lien croissant et de criminalit\u00e9 contre le peuple palestinien\u00a0\u00bb. \u00ab\u00a0C\u2019est une \u00e9tape dangereuse visant \u00e0 poursuivre le g\u00e9nocide et le nettoyage ethnique sous le couvert de la l\u00e9gitimit\u00e9\u00a0\u00bb, a ajout\u00e9 le minist\u00e8re.<\/p>\n<p class=\"asset asset-text\">Dans une note explicative de la commission, il est indiqu\u00e9 que l\u2019objectif du texte vot\u00e9 \u00ab\u00a0est de couper le terrorisme \u00e0 sa racine et de cr\u00e9er une forte dissuasion\u00a0\u00bb. Il propose qu\u2019un \u00ab\u00a0terroriste reconnu coupable de meurtre motiv\u00e9 par le racisme ou la haine (&#8230;) soit condamn\u00e9 \u00e0 la peine de mort &#8211; de mani\u00e8re obligatoire\u00a0\u00bb, ajoutant que cette peine serait \u00ab\u00a0non optionnelle\u00a0\u00bb.<\/p>\n<p class=\"asset asset-text\">La proposition de loi a \u00e9t\u00e9 pr\u00e9sent\u00e9e par une \u00e9lue du parti Otzma Yehudit (Force Juive) d\u2019Itamar Ben Gvir. Ce dernier a menac\u00e9 de cesser de voter avec la coalition de droite de Benjamin Netanyahu si ce projet de loi n\u2019\u00e9tait pas soumis \u00e0 un vote parlementaire d\u2019ici le 9 novembre.<\/p>\n<p class=\"asset asset-text\">\u00ab\u00a0Tout terroriste qui se pr\u00e9pare \u00e0 commettre un meurtre doit savoir qu\u2019il n\u2019y a qu\u2019une seule punition\u00a0: la peine de mort\u00a0\u00bb, a dit le ministre lundi dans un communiqu\u00e9.<\/p>\n<p class=\"asset asset-text\">Itamar Ben Gvir avait publi\u00e9 vendredi une vid\u00e9o de lui-m\u00eame debout devant une rang\u00e9e de prisonniers palestiniens allong\u00e9s face contre terre, les mains attach\u00e9es dans le dos, dans laquelle il a appel\u00e9 \u00e0 la peine de mort.<\/p>\n","protected":false},"excerpt":{"rendered":"CHIP SOMODEVILLA \/ AFP Photo d\u2019illustration du ministre isra\u00e9lien de la S\u00e9curit\u00e9 nationale, Itamar Ben Gvir, \u00e0 la&hellip;\n","protected":false},"author":2,"featured_media":509957,"comment_status":"","ping_status":"","sticky":false,"template":"","format":"standard","meta":{"footnotes":""},"categories":[5],"tags":[11,3259,1011,27,3519,14,664,12,1254,28],"class_list":{"0":"post-509956","1":"post","2":"type-post","3":"status-publish","4":"format-standard","5":"has-post-thumbnail","7":"category-international","8":"tag-actualites","9":"tag-conflit-israelo-palestinien","10":"tag-fr","11":"tag-france","12":"tag-hamas","13":"tag-international","14":"tag-israel","15":"tag-news","16":"tag-terrorisme","17":"tag-world"},"share_on_mastodon":{"url":"https:\/\/pubeurope.com\/@fr\/115488566560934744","error":""},"_links":{"self":[{"href":"https:\/\/www.europesays.com\/fr\/wp-json\/wp\/v2\/posts\/509956","targetHints":{"allow":["GET"]}}],"collection":[{"href":"https:\/\/www.europesays.com\/fr\/wp-json\/wp\/v2\/posts"}],"about":[{"href":"https:\/\/www.europesays.com\/fr\/wp-json\/wp\/v2\/types\/post"}],"author":[{"embeddable":true,"href":"https:\/\/www.europesays.com\/fr\/wp-json\/wp\/v2\/users\/2"}],"replies":[{"embeddable":true,"href":"https:\/\/www.europesays.com\/fr\/wp-json\/wp\/v2\/comments?post=509956"}],"version-history":[{"count":0,"href":"https:\/\/www.europesays.com\/fr\/wp-json\/wp\/v2\/posts\/509956\/revisions"}],"wp:featuredmedia":[{"embeddable":true,"href":"https:\/\/www.europesays.com\/fr\/wp-json\/wp\/v2\/media\/509957"}],"wp:attachment":[{"href":"https:\/\/www.europesays.com\/fr\/wp-json\/wp\/v2\/media?parent=509956"}],"wp:term":[{"taxonomy":"category","embeddable":true,"href":"https:\/\/www.europesays.com\/fr\/wp-json\/wp\/v2\/categories?post=509956"},{"taxonomy":"post_tag","embeddable":true,"href":"https:\/\/www.europesays.com\/fr\/wp-json\/wp\/v2\/tags?post=509956"}],"curies":[{"name":"wp","href":"https:\/\/api.w.org\/{rel}","templated":true}]}}