{"id":509969,"date":"2025-11-04T00:28:19","date_gmt":"2025-11-04T00:28:19","guid":{"rendered":"https:\/\/www.europesays.com\/fr\/509969\/"},"modified":"2025-11-04T00:28:19","modified_gmt":"2025-11-04T00:28:19","slug":"top-14-la-rochelle","status":"publish","type":"post","link":"https:\/\/www.europesays.com\/fr\/509969\/","title":{"rendered":"Top 14 : La Rochelle"},"content":{"rendered":"<p>\u00ab\u00a0Je vais demander au vestiaire si c&rsquo;est mieux de prendre des vacances ou aller \u00e0 Mayol. \u00a0Peut-\u00eatre que c&rsquo;est mieux de prendre deux semaines de vacances comme les autres \u00e9quipes\u00a0\u00bb. C&rsquo;est par cette d\u00e9claration, faite hier soir, que Ronan O&rsquo;Gara avait laiss\u00e9 planer le doute sur les intentions des Rochelais de se rendre en terre varoise, ce samedi, pour y disputer un match en retard de la 3e journ\u00e9e de championnat contre le RC Toulon.<\/p>\n<p>Mais selon une indiscr\u00e9tion de nos confr\u00e8res de l&rsquo;\u00c9quipe, c&rsquo;\u00e9tait un coup de poker menteur et \u00ab\u00a0la menace ne sera \u00e9videmment pas mise \u00e0 ex\u00e9cution\u00a0\u00bb, pr\u00e9cise le quotidien.<\/p>\n<p>Remont\u00e9 contre la d\u00e9cision de reporter ce match en pleine semaine de vacances pour certains, et de matches de la tourn\u00e9e d&rsquo;automne du XV de France pour les autres, O&rsquo;Gara avait estim\u00e9 que \u00ab\u00a0c&rsquo;est une catastrophe. On doit aller \u00e0 Toulon encore une fois, c&rsquo;est nous qui sommes punis. On est puni car on a une semaine en moins de vacances. Ce n&rsquo;est pas \u00e9gal. On va voir si on va \u00e0 Toulon.\u00a0\u00bb<\/p>\n<p>L&rsquo;Irlandais aura donc revu sa copie, mais nul doute qu&rsquo;il se rendra \u00e0 Mayol avec une \u00e9quipe largement remani\u00e9e, et qui devrait faire la part belle aux jeunes.<\/p>\n<p>Le match Toulon-La Rochelle, pr\u00e9vu initialement le dimanche 21 septembre en soir\u00e9e, avait \u00e9t\u00e9 report\u00e9 en raison des intemp\u00e9ries qui avaient touch\u00e9 le sud-est de la France et inond\u00e9 la ville de Toulon et son stade Mayol.\u00a0<\/p>\n<p>Toulon et La Rochelle sont actuellement 6e et 7e du championnat avec\u00a0 et 25 et 24 points.<\/p>\n","protected":false},"excerpt":{"rendered":"\u00ab\u00a0Je vais demander au vestiaire si c&rsquo;est mieux de prendre des vacances ou aller \u00e0 Mayol. \u00a0Peut-\u00eatre que&hellip;\n","protected":false},"author":2,"featured_media":509970,"comment_status":"","ping_status":"","sticky":false,"template":"","format":"standard","meta":{"footnotes":""},"categories":[9619],"tags":[5659,17,1111,11,63141,1777,674,17515,1011,27,12,5261,882,25,53858,479,60,3030,2310],"class_list":{"0":"post-509969","1":"post","2":"type-post","3":"status-publish","4":"format-standard","5":"has-post-thumbnail","7":"category-toulon","8":"tag-5659","9":"tag-17","10":"tag-actu","11":"tag-actualites","12":"tag-boycottera","13":"tag-eu","14":"tag-europe","15":"tag-finalement","16":"tag-fr","17":"tag-france","18":"tag-news","19":"tag-pas","20":"tag-provence-alpes-cote-dazur","21":"tag-republique-francaise","22":"tag-rochelle","23":"tag-rugby","24":"tag-sports","25":"tag-top","26":"tag-toulon"},"share_on_mastodon":{"url":"https:\/\/pubeurope.com\/@fr\/115488601152854658","error":""},"_links":{"self":[{"href":"https:\/\/www.europesays.com\/fr\/wp-json\/wp\/v2\/posts\/509969","targetHints":{"allow":["GET"]}}],"collection":[{"href":"https:\/\/www.europesays.com\/fr\/wp-json\/wp\/v2\/posts"}],"about":[{"href":"https:\/\/www.europesays.com\/fr\/wp-json\/wp\/v2\/types\/post"}],"author":[{"embeddable":true,"href":"https:\/\/www.europesays.com\/fr\/wp-json\/wp\/v2\/users\/2"}],"replies":[{"embeddable":true,"href":"https:\/\/www.europesays.com\/fr\/wp-json\/wp\/v2\/comments?post=509969"}],"version-history":[{"count":0,"href":"https:\/\/www.europesays.com\/fr\/wp-json\/wp\/v2\/posts\/509969\/revisions"}],"wp:featuredmedia":[{"embeddable":true,"href":"https:\/\/www.europesays.com\/fr\/wp-json\/wp\/v2\/media\/509970"}],"wp:attachment":[{"href":"https:\/\/www.europesays.com\/fr\/wp-json\/wp\/v2\/media?parent=509969"}],"wp:term":[{"taxonomy":"category","embeddable":true,"href":"https:\/\/www.europesays.com\/fr\/wp-json\/wp\/v2\/categories?post=509969"},{"taxonomy":"post_tag","embeddable":true,"href":"https:\/\/www.europesays.com\/fr\/wp-json\/wp\/v2\/tags?post=509969"}],"curies":[{"name":"wp","href":"https:\/\/api.w.org\/{rel}","templated":true}]}}