{"id":509978,"date":"2025-11-04T00:34:10","date_gmt":"2025-11-04T00:34:10","guid":{"rendered":"https:\/\/www.europesays.com\/fr\/509978\/"},"modified":"2025-11-04T00:34:10","modified_gmt":"2025-11-04T00:34:10","slug":"grenoble-des-affiches-lfi-taguees-avec-des-croix-gammees-le-candidat-allan-brunon-voit-rouge","status":"publish","type":"post","link":"https:\/\/www.europesays.com\/fr\/509978\/","title":{"rendered":"Grenoble. Des affiches LFI tagu\u00e9es avec des croix gamm\u00e9es, le candidat Allan Brunon voit rouge"},"content":{"rendered":"<p>            Par<br \/>\n        <strong><br \/>\n            <a href=\"https:\/\/actu.fr\/auteur\/julien-sournies\" title=\"Consulter tous les articles de Julien Sournies\" rel=\"nofollow noopener\" target=\"_blank\">Julien Sournies<\/a><br \/>\n        <\/strong><\/p>\n<p>        Publi\u00e9 le<\/p>\n<p>            3 nov. 2025 \u00e0 15h07        <\/p>\n<p>Fra\u00eechement candidat \u00e0 la mairie de <a href=\"https:\/\/actu.fr\/grenoble\/\" rel=\"nofollow noopener\" target=\"_blank\">Grenoble<\/a> (<a href=\"https:\/\/actu.fr\/auvergne-rhone-alpes\/isere_38\" rel=\"nofollow noopener\" target=\"_blank\">Is\u00e8re<\/a>) aux prochaines \u00e9lections municipales, <a href=\"https:\/\/actu.fr\/auvergne-rhone-alpes\/grenoble_38185\/municipales-a-grenoble-lfi-lance-sa-propre-liste-sans-les-ecologistes-d-eric-piolle_63194295.html\" rel=\"nofollow noopener\" target=\"_blank\">Allan Brunon<\/a> (LFI), conna\u00eet une entame de campagne pour le moins agit\u00e9e. Le week-end dernier, le candidat de La France Insoumise a annonc\u00e9 avoir d\u00e9couvert plusieurs affiches de campagne <strong>tagu\u00e9es de croix gamm\u00e9es<\/strong>.<\/p>\n<p class=\" wall-content\">\n<p>Une plainte d\u00e9pos\u00e9e<\/p>\n<p class=\" wall-content\">\u00ab\u2009\u00c0 Grenoble, l\u2019extr\u00eame droite d\u00e9grade mes affiches en y tra\u00e7ant une croix nazie. Rien d\u2019eux ne m\u2019impressionne [\u2026]. Les autorit\u00e9s doivent r\u00e9agir, alors que se multiplient en Is\u00e8re les actes de vandalisme \u00e0 caract\u00e8re raciste\u2009\u00bb, a-t-il d\u00e9nonc\u00e9 dans un message publi\u00e9 sur compte X ce samedi 1er\u00a0novembre.<\/p>\n<blockquote class=\"ac-article-quote wall-content\">\n<p>Des identitaires n\u00e9onazis ont appel\u00e9 \u00e0 mon assassinat sur des groupes Telegram. Qu\u2019ils sachent une chose : rien, jamais, ne nous fera plier. En mars prochain, Grenoble aura un maire insoumis. Les pouvoirs publics doivent prendre la mesure de ces ph\u00e9nom\u00e8nes et mettre hors d\u2019\u00e9tat de nuire les racistes.<\/p>\n<p>    <strong>Allan Brunon<\/strong><br \/>\n        Candidat LFI \u00e0 la mairie de Grenoble    <\/p><\/blockquote>\n<p class=\" wall-content\">Ce dernier a par ailleurs indiqu\u00e9 qu\u2019une <strong>plainte<\/strong> sera d\u00e9pos\u00e9e ce lundi 3 novembre aupr\u00e8s du procureur de la R\u00e9publique de Grenoble.<\/p>\n<p>\u00ab\u2009Ces actes ne doivent pas rester impunis\u2009\u00bb<\/p>\n<p class=\" wall-content\">Ces actes ont fait r\u00e9agir nombre de ses soutiens sur les r\u00e9seaux sociaux. \u00ab\u2009Tout mon soutien face \u00e0 l\u2019extr\u00eame droite qui n\u2019a aucune limite\u2009!\u2009\u00bb, a notamment \u00e9crit <a href=\"https:\/\/actu.fr\/auvergne-rhone-alpes\/lyon_69123\/victoire-du-rn-sur-les-accords-franco-algeriens-la-grosse-colere-du-depute-lfi-abdelkader-lahmar_63372427.html\" rel=\"nofollow noopener\" target=\"_blank\">Abdelkader Lahmar<\/a>, d\u00e9put\u00e9 LFI de la 7e circonscription du Rh\u00f4ne.<\/p>\n<p class=\" wall-content\">\u00ab\u2009Ces attaques ne sont pas seulement une insulte \u00e0 sa personne, mais une menace directe contre les valeurs d\u00e9mocratiques et r\u00e9publicaines que nous d\u00e9fendons tous\u2009\u00bb, a d\u00e9plor\u00e9 de son c\u00f4t\u00e9 SOS Racisme 38 Nord-Is\u00e8re.<\/p>\n<p class=\" wall-content\">Et l\u2019association d\u2019ajouter\u2009: \u00ab\u2009Allan Brunon, militant insoumis et candidat engag\u00e9, fait face \u00e0 une campagne de haine orchestr\u00e9e par des groupuscules d\u2019extr\u00eame droite. <strong>Ces actes ne doivent pas rester impunis<\/strong>.\u2009\u00bb<\/p>\n<p>Votre r\u00e9gion, votre actu !<\/p>\n<p>Recevez chaque jour les infos qui comptent pour vous.<\/p>\n<p>\t<a href=\"https:\/\/actu.fr\/newsletter\" class=\"ac-btn ac-btn--corner ac-btn--medium ac-btn--blue800\" rel=\"nofollow noopener\" target=\"_blank\">S&rsquo;incrire<\/a><\/p>\n<p class=\" wall-content\">Cette nouvelle pol\u00e9mique n\u2019est pas sans rappeler celle dont a \u00e9t\u00e9 victime <a href=\"https:\/\/actu.fr\/auvergne-rhone-alpes\/grenoble_38185\/municipales-2026-qui-est-herve-gerbi-le-premier-candidat-a-la-mairie-de-grenoble_62539289.html\" rel=\"nofollow noopener\" target=\"_blank\">Herv\u00e9 Gerbi<\/a>. Pour rappel, des <a href=\"https:\/\/actu.fr\/auvergne-rhone-alpes\/grenoble_38185\/grenoble-des-tags-antisemites-ciblent-deux-avocats-dont-un-candidat-aux-municipales_63312708.html\" rel=\"nofollow noopener\" target=\"_blank\">tags antis\u00e9mites<\/a> ont \u00e9t\u00e9 retrouv\u00e9s sur la porte du cabinet de l\u2019avocat et candidat \u00e0 la mairie de Grenoble le 16\u00a0octobre dernier.<\/p>\n<p class=\" wall-content\">Personnalisez votre actualit\u00e9 en ajoutant vos villes et m\u00e9dias en favori avec <a href=\"https:\/\/moncompte.actu.fr\" title=\"D\u00e9couvez Mon Actu\" rel=\"nofollow noopener\" data-trk=\"{&quot;cta&quot;:{&quot;action&quot;:&quot;https:\\\/\\\/moncompte.actu.fr&quot;,&quot;category&quot;:&quot;mon compte&quot;,&quot;from&quot;:&quot;article footer&quot;,&quot;name&quot;:&quot;Mon actu&quot;,&quot;type&quot;:&quot;cta&quot;}}\" target=\"_blank\">Mon Actu<\/a>.<\/p>\n","protected":false},"excerpt":{"rendered":"Par Julien Sournies Publi\u00e9 le 3 nov. 2025 \u00e0 15h07 Fra\u00eechement candidat \u00e0 la mairie de Grenoble (Is\u00e8re)&hellip;\n","protected":false},"author":2,"featured_media":509979,"comment_status":"","ping_status":"","sticky":false,"template":"","format":"standard","meta":{"footnotes":""},"categories":[9566],"tags":[1111,11,2430,4188,1777,674,1011,27,2731,1023,3434,12,316,25],"class_list":{"0":"post-509978","1":"post","2":"type-post","3":"status-publish","4":"format-standard","5":"has-post-thumbnail","7":"category-grenoble","8":"tag-actu","9":"tag-actualites","10":"tag-auvergne-rhone-alpes","11":"tag-elections-municipales","12":"tag-eu","13":"tag-europe","14":"tag-fr","15":"tag-france","16":"tag-grenoble","17":"tag-la-france-insoumise-lfi","18":"tag-municipales-2026","19":"tag-news","20":"tag-politique","21":"tag-republique-francaise"},"share_on_mastodon":{"url":"","error":""},"_links":{"self":[{"href":"https:\/\/www.europesays.com\/fr\/wp-json\/wp\/v2\/posts\/509978","targetHints":{"allow":["GET"]}}],"collection":[{"href":"https:\/\/www.europesays.com\/fr\/wp-json\/wp\/v2\/posts"}],"about":[{"href":"https:\/\/www.europesays.com\/fr\/wp-json\/wp\/v2\/types\/post"}],"author":[{"embeddable":true,"href":"https:\/\/www.europesays.com\/fr\/wp-json\/wp\/v2\/users\/2"}],"replies":[{"embeddable":true,"href":"https:\/\/www.europesays.com\/fr\/wp-json\/wp\/v2\/comments?post=509978"}],"version-history":[{"count":0,"href":"https:\/\/www.europesays.com\/fr\/wp-json\/wp\/v2\/posts\/509978\/revisions"}],"wp:featuredmedia":[{"embeddable":true,"href":"https:\/\/www.europesays.com\/fr\/wp-json\/wp\/v2\/media\/509979"}],"wp:attachment":[{"href":"https:\/\/www.europesays.com\/fr\/wp-json\/wp\/v2\/media?parent=509978"}],"wp:term":[{"taxonomy":"category","embeddable":true,"href":"https:\/\/www.europesays.com\/fr\/wp-json\/wp\/v2\/categories?post=509978"},{"taxonomy":"post_tag","embeddable":true,"href":"https:\/\/www.europesays.com\/fr\/wp-json\/wp\/v2\/tags?post=509978"}],"curies":[{"name":"wp","href":"https:\/\/api.w.org\/{rel}","templated":true}]}}