{"id":50998,"date":"2025-04-25T05:38:07","date_gmt":"2025-04-25T05:38:07","guid":{"rendered":"https:\/\/www.europesays.com\/fr\/50998\/"},"modified":"2025-04-25T05:38:07","modified_gmt":"2025-04-25T05:38:07","slug":"nice-airbnb-reagit-et-critique-les-annonces-de-christian-estrosi","status":"publish","type":"post","link":"https:\/\/www.europesays.com\/fr\/50998\/","title":{"rendered":"Nice. Airbnb r\u00e9agit et critique les annonces de Christian Estrosi"},"content":{"rendered":"<p>            Par<br \/>\n        <strong><br \/>\n            <a href=\"https:\/\/actu.fr\/auteur\/ugo-maillard\" title=\"Consulter tous les articles de Ugo Maillard\" rel=\"nofollow noopener\" target=\"_blank\">Ugo Maillard<\/a><br \/>\n        <\/strong><\/p>\n<p>        Publi\u00e9 le<\/p>\n<p>            25 avr. 2025 \u00e0 7h22        <\/p>\n<p>Lors d\u2019une r\u00e9union ouverte aux acteurs du tourisme le 8\u00a0avril 2025, Christian Estrosi, maire de <a href=\"https:\/\/actu.fr\/nice\/\" rel=\"nofollow noopener\" target=\"_blank\">Nice<\/a>, avait annonc\u00e9 la future mise en place de <a href=\"https:\/\/actu.fr\/provence-alpes-cote-d-azur\/nice_06088\/nice-christian-estrosi-cible-airbnb-de-nouvelles-mesure-chocs-annoncees_62482501.html\" rel=\"nofollow noopener\" target=\"_blank\">nombreuses mesures<\/a> visant \u00e0 r\u00e9duire la pr\u00e9sence des<strong> locations de meubl\u00e9s touristiques<\/strong> sur sa commune.<\/p>\n<p class=\" wall-content\">Des annonces qui <strong>entreront en vigueur courant 2025<\/strong> et qui devraient limiter le nombre d\u2019offres sur les plateformes telles qu\u2019Airbnb.<\/p>\n<p class=\" wall-content\">Sollicit\u00e9e par la r\u00e9daction d\u2019actu Nice, l\u2019entreprise am\u00e9ricaine a souhait\u00e9 r\u00e9agir aux mesures inform\u00e9es.<\/p>\n<p>\u00ab\u2009Des mesures proportionn\u00e9es\u2009\u00bb<\/p>\n<p class=\" wall-content\">Avec la<a href=\"https:\/\/actu.fr\/nice\/\" rel=\"nofollow noopener\" target=\"_blank\"> mise en place \u00e9ventuelle de quotas<\/a> ou la r\u00e9duction de la dur\u00e9e de location touristique d\u2019une r\u00e9sidence principale, <strong>l\u2019activit\u00e9 de la plateforme Airbnb sera impact\u00e9e<\/strong> \u00e0 Nice dans les prochains mois.<\/p>\n<p class=\" wall-content\">Si l\u2019entreprise de locations de vacances dit \u00ab\u2009comprendre\u2009\u00bb l\u2019encadrement des locations de meubl\u00e9s de tourisme dans certains quartiers de Nice, elle demande \u00e0 Ville de mettre en \u0153uvre des \u00ab\u2009mesures proportionn\u00e9es\u2009\u00bb.<\/p>\n<p>Vid\u00e9os : en ce moment sur Actu<\/p>\n<p class=\" wall-content\">Airbnb demande que la dur\u00e9e maximale autoris\u00e9e pour les locations de r\u00e9sidences principales soit maintenue.<\/p>\n<p class=\" wall-content\">\u00ab\u2009Limiter la capacit\u00e9 des Ni\u00e7oises et des Ni\u00e7ois \u00e0 louer leur propre logement de mani\u00e8re occasionnelle, lorsqu\u2019ils ne sont pas l\u00e0, ne r\u00e9soudra pas les probl\u00e8mes de logement \u00e0 Nice. Ces mesures, qui s\u2019attaquent au droit de propri\u00e9t\u00e9 des Ni\u00e7ois, risquent de nuire \u00e0 leur pouvoir d\u2019achat et \u00e0 l\u2019activit\u00e9 de nombreux commerces locaux qui d\u00e9pendent du tourisme\u2009\u00bb, explique l\u2019entreprise.<\/p>\n<p>La pr\u00e9sence d\u2019Airbnb rapporte gros \u00e0 la Ville<\/p>\n<p class=\" wall-content\">\u00ab\u2009L\u2019ann\u00e9e derni\u00e8re, Airbnb a revers\u00e9 plus de 4\u00a0millions d\u2019euros de taxe de s\u00e9jour \u00e0 la ville de Nice\u2009\u00bb, indique la soci\u00e9t\u00e9 am\u00e9ricaine.<\/p>\n<p class=\" wall-content\">\u00ab\u2009Airbnb soutient la mise en place de r\u00e9glementations proportionn\u00e9es, et souhaite collaborer avec la ville de Nice sur la mise en \u0153uvre de mesures efficaces\u2009\u00bb, ajoute l\u2019entreprise.<\/p>\n<p class=\" wall-content\">Suivez toute l\u2019actualit\u00e9 de vos villes et m\u00e9dias favoris en vous inscrivant \u00e0 <a href=\"https:\/\/moncompte.actu.fr\" title=\"D\u00e9couvez Mon Actu\" rel=\"nofollow noopener\" data-trk=\"{&quot;cta&quot;:{&quot;action&quot;:&quot;https:\\\/\\\/moncompte.actu.fr&quot;,&quot;category&quot;:&quot;mon compte&quot;,&quot;from&quot;:&quot;article footer&quot;,&quot;name&quot;:&quot;Mon actu&quot;,&quot;type&quot;:&quot;cta&quot;}}\" target=\"_blank\">Mon Actu<\/a>.<\/p>\n","protected":false},"excerpt":{"rendered":"Par Ugo Maillard Publi\u00e9 le 25 avr. 2025 \u00e0 7h22 Lors d\u2019une r\u00e9union ouverte aux acteurs du tourisme&hellip;\n","protected":false},"author":2,"featured_media":50999,"comment_status":"","ping_status":"","sticky":false,"template":"","format":"standard","meta":{"footnotes":""},"categories":[2819],"tags":[1111,11,7345,2397,1777,674,1011,27,1908,12,2401,882,25,104],"class_list":{"0":"post-50998","1":"post","2":"type-post","3":"status-publish","4":"format-standard","5":"has-post-thumbnail","7":"category-nice","8":"tag-actu","9":"tag-actualites","10":"tag-airbnb","11":"tag-christian-estrosi","12":"tag-eu","13":"tag-europe","14":"tag-fr","15":"tag-france","16":"tag-logement","17":"tag-news","18":"tag-nice","19":"tag-provence-alpes-cote-dazur","20":"tag-republique-francaise","21":"tag-societe"},"share_on_mastodon":{"url":"https:\/\/pubeurope.com\/@fr\/114396994373674455","error":""},"_links":{"self":[{"href":"https:\/\/www.europesays.com\/fr\/wp-json\/wp\/v2\/posts\/50998","targetHints":{"allow":["GET"]}}],"collection":[{"href":"https:\/\/www.europesays.com\/fr\/wp-json\/wp\/v2\/posts"}],"about":[{"href":"https:\/\/www.europesays.com\/fr\/wp-json\/wp\/v2\/types\/post"}],"author":[{"embeddable":true,"href":"https:\/\/www.europesays.com\/fr\/wp-json\/wp\/v2\/users\/2"}],"replies":[{"embeddable":true,"href":"https:\/\/www.europesays.com\/fr\/wp-json\/wp\/v2\/comments?post=50998"}],"version-history":[{"count":0,"href":"https:\/\/www.europesays.com\/fr\/wp-json\/wp\/v2\/posts\/50998\/revisions"}],"wp:featuredmedia":[{"embeddable":true,"href":"https:\/\/www.europesays.com\/fr\/wp-json\/wp\/v2\/media\/50999"}],"wp:attachment":[{"href":"https:\/\/www.europesays.com\/fr\/wp-json\/wp\/v2\/media?parent=50998"}],"wp:term":[{"taxonomy":"category","embeddable":true,"href":"https:\/\/www.europesays.com\/fr\/wp-json\/wp\/v2\/categories?post=50998"},{"taxonomy":"post_tag","embeddable":true,"href":"https:\/\/www.europesays.com\/fr\/wp-json\/wp\/v2\/tags?post=50998"}],"curies":[{"name":"wp","href":"https:\/\/api.w.org\/{rel}","templated":true}]}}