{"id":509990,"date":"2025-11-04T00:40:18","date_gmt":"2025-11-04T00:40:18","guid":{"rendered":"https:\/\/www.europesays.com\/fr\/509990\/"},"modified":"2025-11-04T00:40:18","modified_gmt":"2025-11-04T00:40:18","slug":"circum-medtech-pharma-etend-son-organisation-industrielle-entre-nice-zurich","status":"publish","type":"post","link":"https:\/\/www.europesays.com\/fr\/509990\/","title":{"rendered":"Circum Medtech Pharma \u00e9tend son organisation industrielle entre Nice, Zurich (\u2026)"},"content":{"rendered":"<p>                    <img loading=\"lazy\" decoding=\"async\" src=\"https:\/\/www.europesays.com\/fr\/wp-content\/uploads\/2025\/11\/96e8414c84d906fdbc16c5e40211d2.jpg\" class=\"img-responsive post-image\" width=\"680\" height=\"510\" alt=\"Circum Medtech Pharma (\u2026)\" title=\"Circum Medtech Pharma \u00e9tend son organisation industrielle entre Nice, Zurich et Sousse\"\/><\/p>\n<p class=\"chapo\">Le 2 octobre, Circum Medtech Pharma, CDMO (Contract Development and Manufacturing Organization) sp\u00e9cialis\u00e9e dans les dispositifs m\u00e9dicaux, a inaugur\u00e9 son nouveau site industriel \u00e0 Sousse, en Tunisie. Cette ouverture marque une \u00e9tape majeure dans le d\u00e9ploiement d\u2019une organisation industrielle structur\u00e9e entre Nice, Zurich et Sousse, con\u00e7ue pour allier proximit\u00e9, agilit\u00e9 et coordination \u00e0 l\u2019\u00e9chelle euro-m\u00e9diterran\u00e9enne. En s\u2019appuyant sur l\u2019\u00e9cosyst\u00e8me ni\u00e7ois pour ses fonctions centrales, Circum met en \u0153uvre une organisation coh\u00e9rente, performante, et adapt\u00e9e aux exigences des march\u00e9s.<\/p>\n<p>Un outil industriel performant au service d\u2019une production agile<\/p>\n<p>Le nouveau site de production de Sousse, d\u2019une surface de 4 000 m\u00b2, accueille les principales \u00e9tapes de production des dispositifs m\u00e9dicaux \u00e0 usage unique\u00a0: injection plastique, extrusion, assemblage manuel et semi-automatis\u00e9, conditionnement, st\u00e9rilisation, avec une salle blanche ISO 7. <strong>\u00c0 horizon trois ans, 200 emplois seront cr\u00e9\u00e9s.<\/strong><br class=\"autobr\"\/><br \/>\nSitu\u00e9 \u00e0 moins de 10 minutes de l\u2019a\u00e9roport international de Monastir et b\u00e9n\u00e9ficiant du statut sous douane, ce site est pleinement int\u00e9gr\u00e9 dans une cha\u00eene logistique fluide avec la France et les march\u00e9s europ\u00e9ens. Il apporte \u00e0 Circum une capacit\u00e9 de production flexible et comp\u00e9titive, en lien direct avec les \u00e9quipes bas\u00e9es \u00e0 Nice. <strong>Mohamed Rekik,<\/strong> co-fondateur et CEO de Circum Medtech Pharma \u00e0 Nice, explique \u00ab\u00a0Notre ambition est en premier lieu europ\u00e9enne. Nous voulons offrir des alternatives de qualit\u00e9 aux options venues de l\u2019Asie. Nous sommes capables d\u2019acheminer nos productions depuis Sousse en 48h, avec une empreinte carbone bien moindre. Dans notre secteur les premiers march\u00e9s cibles sont l\u2019Allemagne et la Suisse. Avec une base op\u00e9rationnelle en face de l\u2019a\u00e9roport de Nice, litt\u00e9ralement \u00e0 5 minutes de l\u2019a\u00e9rogare, nous sommes \u00e0 moins de 2 heures de notre site de fabrication mais aussi de beaucoup de capitales europ\u00e9ennes. Cela rajoute une efficience maximale \u00e0 notre \u00e9quipe. Avec notre agilit\u00e9 nous esp\u00e9rons que l\u2019industrie europ\u00e9enne reprendra plus de contr\u00f4le sur sa production dans la Medtech.\u00a0\u00bb<\/p>\n<p> Nice\u00a0: hub op\u00e9rationnel des fonctions centrales de l\u2019entreprise<\/p>\n<p>Depuis 2024, le quartier d\u2019affaires international Grand Ar\u00e9nas de Nice accueille le si\u00e8ge op\u00e9rationnel de Circum Medtech Pharma, o\u00f9 sont regroup\u00e9es les principales fonctions de l\u2019entreprise\u00a0: recherche et d\u00e9veloppement,  industrialisation, qualit\u00e9, affaires r\u00e9glementaires, supply chain, direction g\u00e9n\u00e9rale. Ce choix repose \u00e0 la fois sur la richesse de l\u2019\u00e9cosyst\u00e8me sant\u00e9 et innovation du territoire et sur la connectivit\u00e9 internationale qu\u2019offre l\u2019a\u00e9roport Nice C\u00f4te d\u2019Azur, deuxi\u00e8me de France en trafic international. Ce positionnement permet une coordination efficace entre les sites de production, de d\u00e9veloppement commercial et de gouvernance. L\u2019\u00e9cosyst\u00e8me local est particuli\u00e8rement favorable aux projets en sant\u00e9-tech\u00a0: des centres de recherche en sciences de la vie de renom (IPMC, iBV), le CHU de Nice, l\u2019Institut Hospitalo-Universitaire RespirERA offrent un environnement riche en comp\u00e9tences et en opportunit\u00e9s collaboratives.<\/p>\n<p><strong>Herv\u00e9 Laubertie, <\/strong> Directeur G\u00e9n\u00e9ral de Team Nice C\u00f4te d\u2019Azur souligne que\u00a0: \u00ab\u00a0le projet port\u00e9 par Circum Medtech Pharma illustre parfaitement un mod\u00e8le industriel adapt\u00e9 aux r\u00e9alit\u00e9s actuelles\u00a0: une direction centralis\u00e9e sur un territoire connect\u00e9 \u00e0 un \u00e9cosyst\u00e8me pertinent pour l\u2019entreprise, reli\u00e9 au reste du monde gr\u00e2ce \u00e0 un a\u00e9roport international majeur, et une production organis\u00e9e \u00e0 l\u2019\u00e9chelle euro-m\u00e9diterran\u00e9enne. Ce type de configuration, particuli\u00e8rement pertinent pour les fili\u00e8res de sant\u00e9, est aussi repr\u00e9sentatif de nouveaux \u00e9quilibres industriels qui concernent de nombreux secteurs. Le territoire Nice C\u00f4te d\u2019Azur dispose des atouts n\u00e9cessaires pour accompagner et accueillir ce type de d\u00e9veloppement, gr\u00e2ce \u00e0 la densit\u00e9 de son \u00e9cosyst\u00e8me d\u2019innovation, la qualit\u00e9 de ses infrastructures, et son ouverture \u00e0 l\u2019international.\u00a0\u00bb<\/p>\n<p>Une coop\u00e9ration \u00e9conomique accrue entre Nice C\u00f4te d\u2019Azur et la Tunisie<\/p>\n<p>Team Nice C\u00f4te d\u2019Azur, qui accompagne Circum Medtech Pharma depuis son implantation \u00e0 Nice en 2024, \u00e9tait pr\u00e9sente \u00e0 l\u2019inauguration du site tunisien le 2 octobre, repr\u00e9sent\u00e9e par Sana Bouyahia, Head of Project Development \u2013 Health &amp; Sports. Cette pr\u00e9sence s\u2019inscrit dans le cadre d\u2019une coop\u00e9ration \u00e9conomique active engag\u00e9e depuis 2023 et men\u00e9e pour renforcer les liens entre le territoire de la M\u00e9tropole Nice C\u00f4te d\u2019Azur et la Tunisie. Ce partenariat s\u2019est notamment traduit par\u00a0: la signature d\u2019un accord avec Novation City lors de VivaTech 2024, plusieurs missions crois\u00e9es, dont le Tunisia Tech Tour, et l\u2019implantation sur Nice C\u00f4te d\u2019Azur de plusieurs entreprises tunisiennes innovantes.<\/p>\n<p>Photo de Une\u00a0: Au centre, Anne Reiser (Pr\u00e9sidente), \u00e0 droite, Mohamed Rekik (CEO) et \u00e0 gauche, Serge Barneaud (CTO). \u00a9 Circum Medtech Pharma &#8211; Tous droits r\u00e9serv\u00e9s.<\/p>\n","protected":false},"excerpt":{"rendered":"Le 2 octobre, Circum Medtech Pharma, CDMO (Contract Development and Manufacturing Organization) sp\u00e9cialis\u00e9e dans les dispositifs m\u00e9dicaux, a&hellip;\n","protected":false},"author":2,"featured_media":509991,"comment_status":"","ping_status":"","sticky":false,"template":"","format":"standard","meta":{"footnotes":""},"categories":[2819],"tags":[1111,11,2408,1777,674,1011,27,12,2401,882,25],"class_list":{"0":"post-509990","1":"post","2":"type-post","3":"status-publish","4":"format-standard","5":"has-post-thumbnail","7":"category-nice","8":"tag-actu","9":"tag-actualites","10":"tag-appels-d","11":"tag-eu","12":"tag-europe","13":"tag-fr","14":"tag-france","15":"tag-news","16":"tag-nice","17":"tag-provence-alpes-cote-dazur","18":"tag-republique-francaise"},"share_on_mastodon":{"url":"https:\/\/pubeurope.com\/@fr\/115488648903791618","error":""},"_links":{"self":[{"href":"https:\/\/www.europesays.com\/fr\/wp-json\/wp\/v2\/posts\/509990","targetHints":{"allow":["GET"]}}],"collection":[{"href":"https:\/\/www.europesays.com\/fr\/wp-json\/wp\/v2\/posts"}],"about":[{"href":"https:\/\/www.europesays.com\/fr\/wp-json\/wp\/v2\/types\/post"}],"author":[{"embeddable":true,"href":"https:\/\/www.europesays.com\/fr\/wp-json\/wp\/v2\/users\/2"}],"replies":[{"embeddable":true,"href":"https:\/\/www.europesays.com\/fr\/wp-json\/wp\/v2\/comments?post=509990"}],"version-history":[{"count":0,"href":"https:\/\/www.europesays.com\/fr\/wp-json\/wp\/v2\/posts\/509990\/revisions"}],"wp:featuredmedia":[{"embeddable":true,"href":"https:\/\/www.europesays.com\/fr\/wp-json\/wp\/v2\/media\/509991"}],"wp:attachment":[{"href":"https:\/\/www.europesays.com\/fr\/wp-json\/wp\/v2\/media?parent=509990"}],"wp:term":[{"taxonomy":"category","embeddable":true,"href":"https:\/\/www.europesays.com\/fr\/wp-json\/wp\/v2\/categories?post=509990"},{"taxonomy":"post_tag","embeddable":true,"href":"https:\/\/www.europesays.com\/fr\/wp-json\/wp\/v2\/tags?post=509990"}],"curies":[{"name":"wp","href":"https:\/\/api.w.org\/{rel}","templated":true}]}}