{"id":509997,"date":"2025-11-04T00:45:28","date_gmt":"2025-11-04T00:45:28","guid":{"rendered":"https:\/\/www.europesays.com\/fr\/509997\/"},"modified":"2025-11-04T00:45:28","modified_gmt":"2025-11-04T00:45:28","slug":"dix-spectacles-a-ne-pas-manquer-en-novembre-a-bordeaux-voici-notre-selection","status":"publish","type":"post","link":"https:\/\/www.europesays.com\/fr\/509997\/","title":{"rendered":"Dix spectacles \u00e0 ne pas manquer en novembre \u00e0 Bordeaux : voici notre s\u00e9lection"},"content":{"rendered":"<p>            Par<br \/>\n        <strong><br \/>\n            <a href=\"https:\/\/actu.fr\/auteur\/juliette-cardinale\" title=\"Consulter tous les articles de Juliette Cardinale\" rel=\"nofollow noopener\" target=\"_blank\">Juliette Cardinale<\/a><br \/>\n        <\/strong><\/p>\n<p>        Publi\u00e9 le<\/p>\n<p>            3 nov. 2025 \u00e0 18h34        <\/p>\n<p>Violon, chanson fran\u00e7aise, world music\u2026 La r\u00e9daction d\u2019<a href=\"https:\/\/actu.fr\/bordeaux\/\" rel=\"nofollow noopener\" target=\"_blank\">actu Bordeaux<\/a> a s\u00e9lectionn\u00e9 <strong>des concerts<\/strong> en tout genre \u00e0 ne pas rater au mois de novembre\u00a02025. Mais c\u2019est aussi l\u2019occasion de (re) d\u00e9couvrir un op\u00e9ra, une op\u00e9rette ou un cin\u00e9-concert. De quoi trouver une soir\u00e9e \u00e0 son go\u00fbt parmi les riches propositions \u00e0 travers la m\u00e9tropole bordelaise.<\/p>\n<p>1. Lamomali \u00e0 l\u2019Ark\u00e9a Ar\u00e9na<\/p>\n<p class=\" wall-content\">Une id\u00e9e de spectacle de derni\u00e8re minute que les spectateurs ne regretteront pas. Form\u00e9 en 2015 \u00e0 l\u2019initiative de -M-, le collectif Lamomali m\u00e9lange <strong>musique africaine, world music, rock et pop.<\/strong> Matthieu Chedid partage la sc\u00e8ne avec Fatoumata Diawara, Madou Diabat\u00e9, Lubiana et autres acolytes pour interpr\u00e9ter les titres du deuxi\u00e8me album du collectif, Totem.<\/p>\n<p class=\" wall-content\">\n<p class=\" wall-content\">Si l\u2019ambiance de folie <a href=\"https:\/\/www.instagram.com\/p\/DK5hP56qyBQ\/\" rel=\"nofollow noopener\" target=\"_blank\">lors du dernier festival ODP \u00e0 Talence<\/a> est une indication, le collectif devrait sans nul doute <strong>enflammer l\u2019Ark\u00e9a Ar\u00e9na.<\/strong> Les deux dates sont presque compl\u00e8tes, mais il reste tout de m\u00eame des places. Ne loupez pas ces soir\u00e9es qui s\u2019annoncent m\u00e9morables !<\/p>\n<p>Lamomali, <a href=\"https:\/\/www.arkeaarena.com\/evenements\/lamomali-en-concert-05-novembre-au-06-novembre-2025-billetterie-bordeaux\" rel=\"nofollow noopener\" target=\"_blank\">mercredi\u00a05 et jeudi 6\u00a0novembre \u00e0 l\u2019Ark\u00e9a Ar\u00e9na.<\/a>2. Isulia \u00e0 la base sous-marine<\/p>\n<p class=\" wall-content\">Envie de danser dans un cadre hors du commun\u2009? Le festival Isulia investit <strong>la base sous-marine<\/strong> de Bordeaux pour la troisi\u00e8me ann\u00e9e cons\u00e9cutive. Pendant quatre soir\u00e9es \u00e9lectros, des DJs vont faire danser des milliers de personnes.<\/p>\n<p class=\" wall-content\">Quand la f\u00eate se termine dans la base sous-marine, elle se poursuit pas loin, <strong>en after<\/strong> \u00e0 l\u2019Iboat. Mais Isulia, ce n\u2019est pas que de la musique. Des rencontres, ateliers et tables rondes sont organis\u00e9s tous les jours du festival.<\/p>\n<p>Isulia, <a href=\"https:\/\/shotgun.live\/fr\/events\/isulia-festival-2025-music\" rel=\"nofollow noopener\" target=\"_blank\">du jeudi\u00a06 au dimanche 9\u00a0novembre \u00e0 la Base sous-marine.<\/a><\/p>\n<p>Votre r\u00e9gion, votre actu !<\/p>\n<p>Recevez chaque jour les infos qui comptent pour vous.<\/p>\n<p>\t<a href=\"https:\/\/actu.fr\/newsletter\" class=\"ac-btn ac-btn--corner ac-btn--medium ac-btn--blue800\" rel=\"nofollow noopener\" target=\"_blank\">S&rsquo;incrire<\/a><br \/>\n3. Kaushiki Chakraborty \u00e0 l\u2019Auditorium<\/p>\n<p class=\" wall-content\">Incontournable de la musique classique hindoustanie du nord de l\u2019Inde, Kaushiki Chakraborty a <strong>une voix exceptionnelle.<\/strong> Dans ce concert donn\u00e9 \u00e0 l\u2019Auditorium, elle va rendre hommage \u00e0 Zakir Hussain. Disparu en d\u00e9cembre dernier, ce musicien s\u2019\u00e9tait \u00e9lev\u00e9 au rang d\u2019ambassadeur mondial de la musique indienne.<\/p>\n<p class=\" wall-content\">C\u2019est l\u2019occasion de d\u00e9couvrir des chants de la musique\u00a0hindoustanieune interpr\u00e9t\u00e9s par une artiste qui navigue <strong>ais\u00e9ment sur trois octaves.<\/strong><\/p>\n<p>Kaushiki Chakraborty, <a href=\"https:\/\/www.opera-bordeaux.com\/jazz-pop-musique-du-monde-kaushiki-chakraborty-71832#a-propos\" rel=\"nofollow noopener\" target=\"_blank\">samedi 8\u00a0novembre \u00e0 l\u2019Auditorium.<\/a>4. Le Chanteur de Mexico au Pin Galant<\/p>\n<p class=\" wall-content\">Le Chanteur de Mexico, c\u2019est <strong>l\u2019op\u00e9rette par excellence.<\/strong> On y d\u00e9couvre l\u2019aventure d\u2019un jeune Basque qui r\u00eave de succ\u00e8s et part tenter sa chance dans les th\u00e9\u00e2tres parisiens. Par un concours de circonstance, il se dirige vers le Mexique et encha\u00eene les aventures rocambolesques.<\/p>\n<p class=\" wall-content\">Cr\u00e9\u00e9e en 1951 au th\u00e9\u00e2tre du Ch\u00e2telet, l\u2019op\u00e9rette d\u00e9tient le <strong>record absolu d\u2019entr\u00e9es<\/strong> au th\u00e9\u00e2tre parisien. Elle a \u00e9t\u00e9\u00a0rendue c\u00e9l\u00e8bre par son adaptation cin\u00e9matographique avec Luis Mariano, et sa chanson Mexico.<\/p>\n<p>Le Chanteur de Mexico, <a href=\"https:\/\/www.lepingalant.com\/fr\/evenement\/le-chanteur-de-mexico\/\" rel=\"nofollow noopener\" target=\"_blank\">dimanche 9\u00a0novembre au Pin Galant.<\/a>5. Esther Abrami au Rocher de Palmer<\/p>\n<p class=\" wall-content\">Pour les <strong>amateurs de violon,<\/strong> direction le Rocher de Palmer samedi 15\u00a0novembre. La violoniste Esther Abrami y interpr\u00e8te son nouvel album Woman.\u00a0Elle y rend hommage \u00e0 14 compositrices \u00e0 travers l\u2019histoire et les genres musicaux.<\/p>\n<p class=\" wall-content\">\n<p class=\" wall-content\">\u0152uvres in\u00e9dites ou chefs-d\u2019\u0153uvre oubli\u00e9s, chaque \u0153uvre s\u00e9lectionn\u00e9e par Esther Abrami \u00ab\u2009pour la connexion \u00e9motionnelle qu\u2019elle repr\u00e9sente pour elle, mettant en avant des <strong>voix f\u00e9minines trop souvent oubli\u00e9es<\/strong> de l\u2019histoire de la musique classique\u2009\u00bb.<\/p>\n<p>Esther Abrami, <a href=\"https:\/\/lerocherdepalmer.fr\/agenda\/esther-abrami\" rel=\"nofollow noopener\" target=\"_blank\">samedi 15\u00a0novembre au Rocher de Palmer.<\/a>6. Cin\u00e9-concert Chaplin \u00e0 L\u2019Impromptu<\/p>\n<p class=\" wall-content\">C\u2019est la seule date de novembre, mais le spectacle est jou\u00e9 toute la saison \u00e0 L\u2019Impromptu. Ad\u00e8le et Pascal Pistone improvisent au piano, \u00e0 l\u2019accord\u00e9on et \u00e0 la contrebassine sur les <strong>courts-m\u00e9trages de Charlie Chaplin<\/strong>.<\/p>\n<p class=\" wall-content\">Pendant environ une heure, les musiciens proposent des improvisations dans les styles de <strong>Bach, Mozart, Chopin,<\/strong> Debussy, Ravel, Bartok, Messiaen, mais aussi de style minimaliste, ragtime, jazz\u2026<\/p>\n<p>Cin\u00e9-concert,<a href=\"https:\/\/www.billetteries.fr\/billetterie\/cine-concert-mathilde\" rel=\"nofollow noopener\" target=\"_blank\"> samedi 15\u00a0novembre \u00e0 L\u2019Impromptu.<\/a>7. Vincent Dedienne au Femina<\/p>\n<p class=\" wall-content\">On le conna\u00eet surtout pour ses chroniques et ses sketchs. Dans son spectacle Un lendemain soir de gala, <strong>Vincent Dedienne<\/strong> pousse la chansonnette.<\/p>\n<p class=\" wall-content\">\n<p class=\" wall-content\">Les amis chanteurs de l\u2019humoriste ont <strong>mis en chanson<\/strong> les sketchs du one-man-show Un soir de gala.\u00a0Vincent Dedienne interpr\u00e8te sur la sc\u00e8ne du F\u00e9mina les morceaux cr\u00e9\u00e9s par\u00a0Alex Beaupain, Jeanne Cherhal, Vincent Delerm, Albin de la Simone\u2026<\/p>\n<p>Vincent Dedienne, <a href=\"https:\/\/theatrefemina.com\/evenement\/vincent-dedienne\/\" rel=\"nofollow noopener\" target=\"_blank\">mardi 18\u00a0novembre au th\u00e9\u00e2tre F\u00e9mina.<\/a>8. La Traviata au Pin Galant<\/p>\n<p class=\" wall-content\">La Traviata de Verdi est <strong>l\u2019un des op\u00e9ras les plus populaires du r\u00e9pertoire lyrique.<\/strong> La preuve\u2009: le cycle de repr\u00e9sentations de l\u2019Op\u00e9ra national de Bordeaux pr\u00e9vu en janvier et f\u00e9vrier est complet. Mais ce n\u2019est pas le seul lieu qui accueille l\u2019adaptation en op\u00e9ra de La Dame aux Cam\u00e9lias\u2009: direction le Pin Galant le 20\u00a0novembre prochain.<\/p>\n<p class=\" wall-content\">Avec ses airs incontournables et son histoire dramatique, <strong>l\u2019histoire de Violetta<\/strong> est cette fois-ci interpr\u00e9t\u00e9e par la compagnie lyrique Op\u00e9ra 2001. En trois actes, l\u2019op\u00e9ra raconte le dernier amour d\u2019une courtisane atteinte de tuberculose avec un jeune homme de bonne famille.<\/p>\n<p>La Traviata, <a href=\"https:\/\/www.lepingalant.com\/fr\/evenement\/la-traviata\/\" rel=\"nofollow noopener\" target=\"_blank\">jeudi 20\u00a0novembre au Pin Galant.<\/a>9. Ghostwoman \u00e0 la Rock School Barbey<\/p>\n<p class=\" wall-content\">Pour les amateurs de rock, il y a aussi de quoi faire. Le duo Ghostwoman sera en repr\u00e9sentation \u00e0 la Rock School Barbey le lundi 24\u00a0novembre. Welcome to the Civilized World est sorti en septembre, <strong>le quatri\u00e8me album du groupe<\/strong> en autant d\u2019ann\u00e9es.<\/p>\n<p class=\" wall-content\">\n<p class=\" wall-content\">Les guitares et la voix d\u2019Evan Uschenko, ainsi que la batterie d\u2019Ille van Dessel, promettent d\u2019emmener les spectateurs dans un voyage rock psych\u00e9d\u00e9lique. Ils signent des m\u00e9lodies hypnotiques \u00e0 d\u00e9couvrir dans l\u2019ambiance intimiste de la Rock School Barbey.<\/p>\n<p>Ghostwoman, <a href=\"https:\/\/www.rockschool-barbey.com\/agenda\/1134\/ghostwoman\" rel=\"nofollow noopener\" target=\"_blank\">lundi 24\u00a0novembre \u00e0 la Rock School Barbey.<\/a>10. Suzane au Rocher de Palmer<\/p>\n<p class=\" wall-content\">R\u00e9v\u00e9lation sc\u00e8ne aux Victoires de la Musique 2020 et Artiste f\u00e9minine l\u2019ann\u00e9e suivante, Suzane s\u2019est <strong>impos\u00e9e dans le paysage musical fran\u00e7ais<\/strong> en encha\u00eenant les dates de repr\u00e9sentation.<\/p>\n<p class=\" wall-content\">\n<p class=\" wall-content\">Son nouvel album, Millenium, propose des titres comme Lendemain de f\u00eate\u00a0ou Virile. Le clip de sa chanson Je t\u2019accuse\u00a0est devenu viral avec <strong>plus de 15\u00a0millions de vues.<\/strong> Elle y met en avant des victimes de violences sexistes et sexuelles et militants, \u00ab\u2009pour faire exister leurs voix et celles de toutes les victimes\u2009\u00bb et a annonc\u00e9 reverser les droits \u00e9ditoriaux \u00e0 la Fondation des Femmes.<\/p>\n<p>Suzane, <a href=\"https:\/\/lerocherdepalmer.fr\/agenda\/suzane\" rel=\"nofollow noopener\" target=\"_blank\">vendredi 28\u00a0novembre au Rocher de Palmer.<\/a><\/p>\n<p class=\" wall-content\">Personnalisez votre actualit\u00e9 en ajoutant vos villes et m\u00e9dias en favori avec <a href=\"https:\/\/moncompte.actu.fr\" title=\"D\u00e9couvez Mon Actu\" rel=\"nofollow noopener\" data-trk=\"{&quot;cta&quot;:{&quot;action&quot;:&quot;https:\\\/\\\/moncompte.actu.fr&quot;,&quot;category&quot;:&quot;mon compte&quot;,&quot;from&quot;:&quot;article footer&quot;,&quot;name&quot;:&quot;Mon actu&quot;,&quot;type&quot;:&quot;cta&quot;}}\" target=\"_blank\">Mon Actu<\/a>.<\/p>\n<p>                    <script async src=\"\/\/www.instagram.com\/embed.js\"><\/script><\/p>\n","protected":false},"excerpt":{"rendered":"Par Juliette Cardinale Publi\u00e9 le 3 nov. 2025 \u00e0 18h34 Violon, chanson fran\u00e7aise, world music\u2026 La r\u00e9daction d\u2019actu&hellip;\n","protected":false},"author":2,"featured_media":509998,"comment_status":"","ping_status":"","sticky":false,"template":"","format":"standard","meta":{"footnotes":""},"categories":[2817],"tags":[1111,11,1997,1697,1777,674,1011,27,708,1652,12,2219,25],"class_list":{"0":"post-509997","1":"post","2":"type-post","3":"status-publish","4":"format-standard","5":"has-post-thumbnail","7":"category-bordeaux","8":"tag-actu","9":"tag-actualites","10":"tag-bordeaux","11":"tag-concert","12":"tag-eu","13":"tag-europe","14":"tag-fr","15":"tag-france","16":"tag-humour","17":"tag-loisirs-culture","18":"tag-news","19":"tag-nouvelle-aquitaine","20":"tag-republique-francaise"},"share_on_mastodon":{"url":"https:\/\/pubeurope.com\/@fr\/115488668140061591","error":""},"_links":{"self":[{"href":"https:\/\/www.europesays.com\/fr\/wp-json\/wp\/v2\/posts\/509997","targetHints":{"allow":["GET"]}}],"collection":[{"href":"https:\/\/www.europesays.com\/fr\/wp-json\/wp\/v2\/posts"}],"about":[{"href":"https:\/\/www.europesays.com\/fr\/wp-json\/wp\/v2\/types\/post"}],"author":[{"embeddable":true,"href":"https:\/\/www.europesays.com\/fr\/wp-json\/wp\/v2\/users\/2"}],"replies":[{"embeddable":true,"href":"https:\/\/www.europesays.com\/fr\/wp-json\/wp\/v2\/comments?post=509997"}],"version-history":[{"count":0,"href":"https:\/\/www.europesays.com\/fr\/wp-json\/wp\/v2\/posts\/509997\/revisions"}],"wp:featuredmedia":[{"embeddable":true,"href":"https:\/\/www.europesays.com\/fr\/wp-json\/wp\/v2\/media\/509998"}],"wp:attachment":[{"href":"https:\/\/www.europesays.com\/fr\/wp-json\/wp\/v2\/media?parent=509997"}],"wp:term":[{"taxonomy":"category","embeddable":true,"href":"https:\/\/www.europesays.com\/fr\/wp-json\/wp\/v2\/categories?post=509997"},{"taxonomy":"post_tag","embeddable":true,"href":"https:\/\/www.europesays.com\/fr\/wp-json\/wp\/v2\/tags?post=509997"}],"curies":[{"name":"wp","href":"https:\/\/api.w.org\/{rel}","templated":true}]}}