{"id":509999,"date":"2025-11-04T00:46:16","date_gmt":"2025-11-04T00:46:16","guid":{"rendered":"https:\/\/www.europesays.com\/fr\/509999\/"},"modified":"2025-11-04T00:46:16","modified_gmt":"2025-11-04T00:46:16","slug":"les-syndicats-denoncent-la-non-transparence-de-la-mairie","status":"publish","type":"post","link":"https:\/\/www.europesays.com\/fr\/509999\/","title":{"rendered":"les syndicats d\u00e9noncent la non transparence de la mairie"},"content":{"rendered":"<p>\u00ab\u202fUne rentr\u00e9e entre opacit\u00e9 et mise en danger\u202f\u00bb. Voici comment l\u2019intersyndicale de l\u2019IsDAT introduit son communiqu\u00e9 publi\u00e9 ce 30 octobre, dans lequel elle d\u00e9nonce les conditions de travail et d\u2019\u00e9tudes et la r\u00e9organisation des services op\u00e9r\u00e9e au sein de l\u2019\u00e9tablissement.<\/p>\n<p>Apr\u00e8s avoir vu sa dotation municipale <a href=\"https:\/\/www.mediacites.fr\/decryptage\/toulouse\/2025\/04\/07\/deja-en-difficulte-lisdat-perd-pres-de-10-de-budget\/\" target=\"_blank\" rel=\"noopener nofollow\">baisser de 460 000 euros en avril dernier<\/a>, l\u2019institut artistique sup\u00e9rieur de Toulouse, qui accueille 450 \u00e9tudiants en art, design, design graphique, danse et musique, d\u00e9plore la d\u00e9gradation continue de son offre p\u00e9dagogique. En difficult\u00e9 financi\u00e8re depuis 2022, sa mauvaise gestion avait d\u00e9j\u00e0 occasionn\u00e9 une perte de 230 000\u00a0euros.<\/p>\n<p>\u00ab\u202fLa rentr\u00e9e s\u2019est faite dans des conditions extr\u00eamement d\u00e9grad\u00e9es\u202f\u00bb, alertent les trois syndicats (S\u00e9la CGT, Sn\u00e9ad CGT et Sud Collectivit\u00e9s territoriales 31) de l\u2019EPCC, sous la tutelle de la mairie et de la m\u00e9tropole de Toulouse, et de la\u00a0DRAC.<br \/>Une r\u00e9organisation et des conditions de travail alarmantes<br \/>D\u00e9j\u00e0 amorc\u00e9e par la direction int\u00e9rimaire<br \/>Deux directeurs d\u00e9cri\u00e9s<br \/>Quelques mois apr\u00e8s le d\u00e9part de J\u00e9r\u00f4me Delormas du poste de direction (2018\u20132023), qui \u00e9tait loin de faire l\u2019unanimit\u00e9, l\u2019IsdaT a \u00e9t\u00e9 confi\u00e9 \u00e0 un directeur int\u00e9rimaire, Alain Combres, qui ne convainc pas davantage les \u00e9quipes, notamment du fait qu\u2019il ne provient pas du monde de l\u2019art et de la culture. Il a\u00a0\u00e9t\u00e9\u00a0<a href=\"https:\/\/www.ladepeche.fr\/article\/2010\/10\/15\/927548-castanet-tolosan-le-directeur-de-la-mairie-s-en-va.html\" target=\"\" rel=\"nofollow noopener\"><\/p>\n<p>Nous vous offrons l\u2019acc\u00e8s \u00e0 cet article<\/p>\n<p>Et \u00e0 toutes nos enqu\u00eates pendant deux jours\u00a0\u00a0! <br \/>Oui, on est g\u00e9n\u00e9reux \ud83d\ude09 Mais pensez aussi \u00e0 <a href=\"https:\/\/www.mediacites.fr\/sabonner\/\" target=\"_blank\" style=\"color:#fff\" rel=\"nofollow noopener\">vous abonner<\/a>\u00a0\u00a0!<\/p>\n<p>\t\tEn renseignant votre adresse, vous acceptez nos <a href=\"https:\/\/www.mediacites.fr\/conditions-generales-d-utilisation\/\" target=\"_blank\" rel=\"nofollow noopener\">conditions g\u00e9n\u00e9rales d\u2019utilisation<\/a>. <br \/>Mediacit\u00e9s s\u2019engage \u00e0 ne pas c\u00e9der votre adresse \u00e0 des tiers. En cas d\u2019\u00e9chec, \u00e9crivez \u00e0 <a href=\"https:\/\/www.mediacites.fr\/decryptage\/toulouse\/2025\/11\/03\/crise-a-lisdat-les-syndicats-denoncent-le-manque-de-transparence-de-la-mairie\/mailto:contact@mediacites.fr\" rel=\"nofollow noopener\" target=\"_blank\">contact@mediacites.fr<\/a><\/p>\n<ul>\n<li>J\u2019acc\u00e8de aux 4 \u00e9ditions de Mediacit\u00e9s (Lille, Lyon, Nantes et Toulouse)<\/li>\n<li>Je d\u00e9couvre un m\u00e9dia 100 % ind\u00e9pendant, avec 0 % de publicit\u00e9<\/li>\n<\/ul>\n<p>Envie de lire la\u00a0suite\u202f?<\/p>\n<p>Depuis neuf ans, Mediacit\u00e9s enqu\u00eate en toute ind\u00e9pendance dans votre ville. Gr\u00e2ce \u00e0 ses lecteurs\u202f! Abonnez\u2010vous pour ne rien manquer de nos enqu\u00eates, suivre les \u00e9lections municipales et soutenir un journal local d\u2019investigation.<\/p>\n<ul>\n<li>Acc\u00e8s aux 4 \u00e9ditions de Mediacit\u00e9s (Lille, Lyon, Nantes et Toulouse)<\/li>\n<li>100 % ind\u00e9pendant, avec 0 % de publicit\u00e9<\/li>\n<li>R\u00e9siliation facile \u00e0 tout moment<\/li>\n<\/ul>\n<p>Mediacit\u00e9s offre l\u2019acc\u00e8s \u00e0 cet article aux lecteurs de News2Com<\/p>\n<p>Et \u00e0 toutes nos enqu\u00eates pendant deux jours\u00a0\u00a0! <br \/>Oui, on est g\u00e9n\u00e9reux \ud83d\ude09 Mais pensez aussi \u00e0 <a href=\"https:\/\/www.mediacites.fr\/sabonner\/\" target=\"_blank\" style=\"color:#fff\" rel=\"nofollow noopener\">vous abonner<\/a>\u00a0\u00a0!<\/p>\n<p>\t\tEn renseignant votre adresse, vous acceptez nos <a href=\"https:\/\/www.mediacites.fr\/conditions-generales-d-utilisation\/\" target=\"_blank\" rel=\"nofollow noopener\">conditions g\u00e9n\u00e9rales d\u2019utilisation<\/a>. <br \/>Mediacit\u00e9s s\u2019engage \u00e0 ne pas c\u00e9der votre adresse \u00e0 des tiers. En cas d\u2019\u00e9chec, \u00e9crivez \u00e0 <a href=\"https:\/\/www.mediacites.fr\/decryptage\/toulouse\/2025\/11\/03\/crise-a-lisdat-les-syndicats-denoncent-le-manque-de-transparence-de-la-mairie\/mailto:contact@mediacites.fr\" rel=\"nofollow noopener\" target=\"_blank\">contact@mediacites.fr<\/a><\/p>\n<ul>\n<li>J\u2019acc\u00e8de aux 4 \u00e9ditions de Mediacit\u00e9s (Lille, Lyon, Nantes et Toulouse)<\/li>\n<li>Je d\u00e9couvre un m\u00e9dia 100 % ind\u00e9pendant, avec 0 % de publicit\u00e9<\/li>\n<\/ul>\n","protected":false},"excerpt":{"rendered":"\u00ab\u202fUne rentr\u00e9e entre opacit\u00e9 et mise en danger\u202f\u00bb. Voici comment l\u2019intersyndicale de l\u2019IsDAT introduit son communiqu\u00e9 publi\u00e9 ce&hellip;\n","protected":false},"author":2,"featured_media":510000,"comment_status":"","ping_status":"","sticky":false,"template":"","format":"standard","meta":{"footnotes":""},"categories":[2816],"tags":[1111,11,251,16403,1777,674,1011,27,28473,12,2680,25,2312],"class_list":{"0":"post-509999","1":"post","2":"type-post","3":"status-publish","4":"format-standard","5":"has-post-thumbnail","7":"category-toulouse","8":"tag-actu","9":"tag-actualites","10":"tag-culture","11":"tag-decryptage","12":"tag-eu","13":"tag-europe","14":"tag-fr","15":"tag-france","16":"tag-isdat","17":"tag-news","18":"tag-occitanie","19":"tag-republique-francaise","20":"tag-toulouse"},"share_on_mastodon":{"url":"https:\/\/pubeurope.com\/@fr\/115488671988025395","error":""},"_links":{"self":[{"href":"https:\/\/www.europesays.com\/fr\/wp-json\/wp\/v2\/posts\/509999","targetHints":{"allow":["GET"]}}],"collection":[{"href":"https:\/\/www.europesays.com\/fr\/wp-json\/wp\/v2\/posts"}],"about":[{"href":"https:\/\/www.europesays.com\/fr\/wp-json\/wp\/v2\/types\/post"}],"author":[{"embeddable":true,"href":"https:\/\/www.europesays.com\/fr\/wp-json\/wp\/v2\/users\/2"}],"replies":[{"embeddable":true,"href":"https:\/\/www.europesays.com\/fr\/wp-json\/wp\/v2\/comments?post=509999"}],"version-history":[{"count":0,"href":"https:\/\/www.europesays.com\/fr\/wp-json\/wp\/v2\/posts\/509999\/revisions"}],"wp:featuredmedia":[{"embeddable":true,"href":"https:\/\/www.europesays.com\/fr\/wp-json\/wp\/v2\/media\/510000"}],"wp:attachment":[{"href":"https:\/\/www.europesays.com\/fr\/wp-json\/wp\/v2\/media?parent=509999"}],"wp:term":[{"taxonomy":"category","embeddable":true,"href":"https:\/\/www.europesays.com\/fr\/wp-json\/wp\/v2\/categories?post=509999"},{"taxonomy":"post_tag","embeddable":true,"href":"https:\/\/www.europesays.com\/fr\/wp-json\/wp\/v2\/tags?post=509999"}],"curies":[{"name":"wp","href":"https:\/\/api.w.org\/{rel}","templated":true}]}}