{"id":51000,"date":"2025-04-25T05:39:14","date_gmt":"2025-04-25T05:39:14","guid":{"rendered":"https:\/\/www.europesays.com\/fr\/51000\/"},"modified":"2025-04-25T05:39:14","modified_gmt":"2025-04-25T05:39:14","slug":"ou-et-quand-voir-le-match","status":"publish","type":"post","link":"https:\/\/www.europesays.com\/fr\/51000\/","title":{"rendered":"o\u00f9 et quand voir le match"},"content":{"rendered":"<p>            Par<br \/>\n        <strong><br \/>\n            <a href=\"https:\/\/actu.fr\/auteur\/ugo-maillard\" title=\"Consulter tous les articles de Ugo Maillard\" rel=\"nofollow noopener\" target=\"_blank\">Ugo Maillard<\/a><br \/>\n        <\/strong><\/p>\n<p>        Publi\u00e9 le<\/p>\n<p>            25 avr. 2025 \u00e0 6h32        <\/p>\n<p>Un nouveau choc pour les Aiglons. Ce vendredi 25\u00a0avril 2025, les joueurs de l\u2019OGC <a href=\"https:\/\/actu.fr\/nice\/\" rel=\"nofollow noopener\" target=\"_blank\">Nice<\/a> se d\u00e9placent sur la pelouse du <strong>Parc des Princes<\/strong> pour affronter le PSG, pour le compte de la <strong>31\u1d49 journ\u00e9e de Ligue\u00a01<\/strong>.<\/p>\n<p class=\" wall-content\">Face aux joueurs de <a href=\"https:\/\/actu.fr\/paris\/\" rel=\"nofollow noopener\" target=\"_blank\">Paris<\/a>, d\u00e9j\u00e0 sacr\u00e9s champions 2024-2025, les Ni\u00e7ois de Franck Haise pourraient prendre une grosse option en vue d\u2019une qualification en coupe d\u2019Europe.<\/p>\n<p class=\" wall-content\">Si vous n\u2019\u00eates pas du d\u00e9placement dans la capitale, il sera possible de regarder le match.<\/p>\n<p>Coup d\u2019envoi \u00e0 20\u2009h\u200945<\/p>\n<p class=\" wall-content\">Actuellement 5e de Ligue\u00a01, les joueurs de l\u2019OGC ne pointent qu\u2019\u00e0 trois points du podium et quatre de la deuxi\u00e8me place. L\u2019occasion est belle pour les Aiglons de gravir les \u00e9chelons et de remonter au classement.<\/p>\n<p class=\" wall-content\">Le coup d\u2019envoi sera donn\u00e9 \u00e0 <strong>20\u2009h\u200945<\/strong>, ce vendredi 25\u00a0avril 2025. Une rencontre qui sera diffus\u00e9e sur <strong>DAZN<\/strong>.<\/p>\n<p>Vid\u00e9os : en ce moment sur Actu<\/p>\n<p class=\" wall-content\">\u00c0 noter que le PSG reste sur un match nul face au FC Nantes alors que les joueurs de Nice ont battu Angers 2-1 \u00e0 l\u2019Allianz Riviera.<\/p>\n<p class=\" wall-content\">Suivez toute l\u2019actualit\u00e9 de vos villes et m\u00e9dias favoris en vous inscrivant \u00e0 <a href=\"https:\/\/moncompte.actu.fr\" title=\"D\u00e9couvez Mon Actu\" rel=\"nofollow noopener\" data-trk=\"{&quot;cta&quot;:{&quot;action&quot;:&quot;https:\\\/\\\/moncompte.actu.fr&quot;,&quot;category&quot;:&quot;mon compte&quot;,&quot;from&quot;:&quot;article footer&quot;,&quot;name&quot;:&quot;Mon actu&quot;,&quot;type&quot;:&quot;cta&quot;}}\" target=\"_blank\">Mon Actu<\/a>.<\/p>\n<ul class=\"ac-article-tag wall-content\">\n<li><a href=\"https:\/\/actu.fr\/tag\/paris-saint-germain-psg\" data-trk=\"{&quot;cta&quot;:{&quot;action&quot;:&quot;Paris Saint Germain (PSG)&quot;,&quot;category&quot;:&quot;tag&quot;,&quot;from&quot;:&quot;article footer&quot;,&quot;name&quot;:&quot;Paris Saint Germain (PSG)&quot;,&quot;type&quot;:&quot;cta&quot;}}\" rel=\"nofollow noopener\" target=\"_blank\">#Paris Saint Germain (PSG)<\/a><\/li>\n<\/ul>\n","protected":false},"excerpt":{"rendered":"Par Ugo Maillard Publi\u00e9 le 25 avr. 2025 \u00e0 6h32 Un nouveau choc pour les Aiglons. Ce vendredi&hellip;\n","protected":false},"author":2,"featured_media":51001,"comment_status":"","ping_status":"","sticky":false,"template":"","format":"standard","meta":{"footnotes":""},"categories":[2819],"tags":[1111,11,1777,674,63,1011,27,12,2401,2332,882,25,60],"class_list":{"0":"post-51000","1":"post","2":"type-post","3":"status-publish","4":"format-standard","5":"has-post-thumbnail","7":"category-nice","8":"tag-actu","9":"tag-actualites","10":"tag-eu","11":"tag-europe","12":"tag-football","13":"tag-fr","14":"tag-france","15":"tag-news","16":"tag-nice","17":"tag-paris-saint-germain-psg","18":"tag-provence-alpes-cote-dazur","19":"tag-republique-francaise","20":"tag-sports"},"share_on_mastodon":{"url":"https:\/\/pubeurope.com\/@fr\/114396998343545797","error":""},"_links":{"self":[{"href":"https:\/\/www.europesays.com\/fr\/wp-json\/wp\/v2\/posts\/51000","targetHints":{"allow":["GET"]}}],"collection":[{"href":"https:\/\/www.europesays.com\/fr\/wp-json\/wp\/v2\/posts"}],"about":[{"href":"https:\/\/www.europesays.com\/fr\/wp-json\/wp\/v2\/types\/post"}],"author":[{"embeddable":true,"href":"https:\/\/www.europesays.com\/fr\/wp-json\/wp\/v2\/users\/2"}],"replies":[{"embeddable":true,"href":"https:\/\/www.europesays.com\/fr\/wp-json\/wp\/v2\/comments?post=51000"}],"version-history":[{"count":0,"href":"https:\/\/www.europesays.com\/fr\/wp-json\/wp\/v2\/posts\/51000\/revisions"}],"wp:featuredmedia":[{"embeddable":true,"href":"https:\/\/www.europesays.com\/fr\/wp-json\/wp\/v2\/media\/51001"}],"wp:attachment":[{"href":"https:\/\/www.europesays.com\/fr\/wp-json\/wp\/v2\/media?parent=51000"}],"wp:term":[{"taxonomy":"category","embeddable":true,"href":"https:\/\/www.europesays.com\/fr\/wp-json\/wp\/v2\/categories?post=51000"},{"taxonomy":"post_tag","embeddable":true,"href":"https:\/\/www.europesays.com\/fr\/wp-json\/wp\/v2\/tags?post=51000"}],"curies":[{"name":"wp","href":"https:\/\/api.w.org\/{rel}","templated":true}]}}