{"id":510001,"date":"2025-11-04T00:47:20","date_gmt":"2025-11-04T00:47:20","guid":{"rendered":"https:\/\/www.europesays.com\/fr\/510001\/"},"modified":"2025-11-04T00:47:20","modified_gmt":"2025-11-04T00:47:20","slug":"des-affiches-racistes-retrouvees-pres-dune-ecole-a-toulouse","status":"publish","type":"post","link":"https:\/\/www.europesays.com\/fr\/510001\/","title":{"rendered":"des affiches racistes retrouv\u00e9es pr\u00e8s d&rsquo;une \u00e9cole \u00e0 Toulouse"},"content":{"rendered":"<p>            Par<br \/>\n        <strong><br \/>\n            <a href=\"https:\/\/actu.fr\/auteur\/anaelle-montagne\" title=\"Consulter tous les articles de Anaelle Montagne\" rel=\"nofollow noopener\" target=\"_blank\">Anaelle Montagne<\/a><br \/>\n        <\/strong><\/p>\n<p>        Publi\u00e9 le<\/p>\n<p>            3 nov. 2025 \u00e0 17h47        <\/p>\n<p>Des parents d\u2019\u00e9l\u00e8ves ont fait une sombre d\u00e9couverte ce lundi 3 novembre 2025, en d\u00e9posant leurs enfants, dans le quartier des Minimes \u00e0 <a href=\"https:\/\/actu.fr\/toulouse\/\" rel=\"nofollow noopener\" target=\"_blank\">Toulouse<\/a>. \u00c0 une trentaine de m\u00e8tres de l\u2019entr\u00e9e des \u00e9coles maternelle et primaire Alfred de Musset, <strong>un caddie rempli d\u2019une vingtaine d\u2019affiches<\/strong> avait \u00e9t\u00e9 abandonn\u00e9. Les feuilles \u00e9taient recouvertes d\u2019injures et de menaces de mort \u00e0 caract\u00e8re raciste d\u2019une grande violence, inscrites en majuscule, au marqueur bleu.<\/p>\n<p>    <a href=\"https:\/\/www.google.com\/maps\/embed?pb=!1m18!1m12!1m3!1d8169.039297898859!2d1.4336881169665947!3d43.62337216946974!2m3!1f0!2f0!3f0!3m2!1i1024!2i768!4f13.1!3m3!1m2!1s0x12aebb4e925153b5%3A0x55777eafc619b045!2sPublic%20Preschool%20Alfred%20De%20Musset!5e0!3m2!1sen!2sfr!4v1762183183306!5m2!1sen!2sfr\" title=\"Ouvrie le lien\" rel=\"nofollow noopener\" target=\"_blank\">Cliquez ici pour visualiser le contenu<\/a><\/p>\n<p>\u00ab\u00a0On va vous br\u00fbler\u00a0\u00bb<\/p>\n<p class=\" wall-content\">Parmi les injures : \u00ab\u00a0A tous les parents de rebeu et de n****, <strong>on va les crever vos gosses<\/strong>, faites les rentrer *****\u00a0\u00bb. \u00ab\u00a0Les parents de ces petits ****, allez vous faire br\u00fbler, on va vous br\u00fbler sale arabe vive Bardella\u00a0\u00bb. \u00ab\u00a0D\u00e9gagez de la cit\u00e9 [\u2026], on va vous crever, ****!!!\u00a0\u00bb<\/p>\n<p>Abandonn\u00e9 juste \u00e0 c\u00f4t\u00e9 des \u00e9coles<\/p>\n<p class=\" wall-content\">Cl\u00e9ment, Toulousain de 43 ans, fait partie des parents d\u2019\u00e9l\u00e8ves qui ont trouv\u00e9 le caddie ce matin : \u00ab\u00a0Il \u00e9tait au bout de la petite rue qui m\u00e8ne \u00e0 l\u2019\u00e9cole. Il a visiblement \u00e9t\u00e9<strong> abandonn\u00e9 au petit matin<\/strong>, vu que le contenu \u00e9tait mouill\u00e9. Les affiches visaient notamment des parents et enfants de la cit\u00e9 Bourbaki\u00a0\u00bb, beaucoup \u00e9tant scolaris\u00e9s au groupe scolaire Alfred de Musset.<\/p>\n<p class=\" wall-content\">Le p\u00e8re de famille pr\u00e9sume que les auteurs avaient l\u2019intention<strong> d\u2019afficher ces feuilles sur l\u2019\u00e9cole ou juste \u00e0 c\u00f4t\u00e9<\/strong>, mais auraient \u00e9t\u00e9 stopp\u00e9s dans leur lanc\u00e9e, abandonnant le caddie juste \u00e0 c\u00f4t\u00e9.<\/p>\n<p>Vid\u00e9os : en ce moment sur Actu<\/p>\n<p class=\" wall-content\">Face \u00e0 la violence des menaces de mort, Cl\u00e9ment tombe de sa chaise : il n\u2019avait pas connaissance de tensions quelconques au sein de l\u2019\u00e9cole.\u00a0<\/p>\n<p>La maire de quartier r\u00e9agit\u00a0<\/p>\n<p class=\" wall-content\">C\u00e9cile Dufraisse, la maire de quartier, r\u00e9agit aupr\u00e8s d\u2019<a href=\"https:\/\/actu.fr\/toulouse\/\" rel=\"nofollow noopener\" target=\"_blank\">Actu Toulouse<\/a> : \u00ab\u00a0Ce genre de message est <strong>inadmissible et odieux<\/strong>. La Ville de Toulouse ne le cautionnera jamais. C\u2019est tr\u00e8s grave et on n\u2019en restera pas l\u00e0.\u00a0\u00bb Elle pr\u00e9vient par ailleurs ses administr\u00e9s : s\u2019ils tombent sur ce type de message, \u00ab\u00a0ne touchez \u00e0 rien et appelez imm\u00e9diatement la police nationale\u00a0\u00bb.\u00a0<\/p>\n<p>Votre r\u00e9gion, votre actu !<\/p>\n<p>Recevez chaque jour les infos qui comptent pour vous.<\/p>\n<p>\t<a href=\"https:\/\/actu.fr\/newsletter\" class=\"ac-btn ac-btn--corner ac-btn--medium ac-btn--blue800\" rel=\"nofollow noopener\" target=\"_blank\">S&rsquo;incrire<\/a><\/p>\n<p class=\" wall-content\">Contact\u00e9s, le groupe scolaire Alfred de Musset, l\u2019acad\u00e9mie de Toulouse et le parquet de Toulouse n\u2019ont pas r\u00e9pondu aux sollicitations d\u2019Actu Toulouse.<\/p>\n<p class=\" wall-content\">Personnalisez votre actualit\u00e9 en ajoutant vos villes et m\u00e9dias en favori avec <a href=\"https:\/\/moncompte.actu.fr\" title=\"D\u00e9couvez Mon Actu\" rel=\"nofollow noopener\" data-trk=\"{&quot;cta&quot;:{&quot;action&quot;:&quot;https:\\\/\\\/moncompte.actu.fr&quot;,&quot;category&quot;:&quot;mon compte&quot;,&quot;from&quot;:&quot;article footer&quot;,&quot;name&quot;:&quot;Mon actu&quot;,&quot;type&quot;:&quot;cta&quot;}}\" target=\"_blank\">Mon Actu<\/a>.<\/p>\n","protected":false},"excerpt":{"rendered":"Par Anaelle Montagne Publi\u00e9 le 3 nov. 2025 \u00e0 17h47 Des parents d\u2019\u00e9l\u00e8ves ont fait une sombre d\u00e9couverte&hellip;\n","protected":false},"author":2,"featured_media":510002,"comment_status":"","ping_status":"","sticky":false,"template":"","format":"standard","meta":{"footnotes":""},"categories":[2816],"tags":[1111,11,1057,1777,674,118,1011,27,12,2680,25,2312],"class_list":{"0":"post-510001","1":"post","2":"type-post","3":"status-publish","4":"format-standard","5":"has-post-thumbnail","7":"category-toulouse","8":"tag-actu","9":"tag-actualites","10":"tag-education","11":"tag-eu","12":"tag-europe","13":"tag-faits-divers","14":"tag-fr","15":"tag-france","16":"tag-news","17":"tag-occitanie","18":"tag-republique-francaise","19":"tag-toulouse"},"share_on_mastodon":{"url":"https:\/\/pubeurope.com\/@fr\/115488675819472609","error":""},"_links":{"self":[{"href":"https:\/\/www.europesays.com\/fr\/wp-json\/wp\/v2\/posts\/510001","targetHints":{"allow":["GET"]}}],"collection":[{"href":"https:\/\/www.europesays.com\/fr\/wp-json\/wp\/v2\/posts"}],"about":[{"href":"https:\/\/www.europesays.com\/fr\/wp-json\/wp\/v2\/types\/post"}],"author":[{"embeddable":true,"href":"https:\/\/www.europesays.com\/fr\/wp-json\/wp\/v2\/users\/2"}],"replies":[{"embeddable":true,"href":"https:\/\/www.europesays.com\/fr\/wp-json\/wp\/v2\/comments?post=510001"}],"version-history":[{"count":0,"href":"https:\/\/www.europesays.com\/fr\/wp-json\/wp\/v2\/posts\/510001\/revisions"}],"wp:featuredmedia":[{"embeddable":true,"href":"https:\/\/www.europesays.com\/fr\/wp-json\/wp\/v2\/media\/510002"}],"wp:attachment":[{"href":"https:\/\/www.europesays.com\/fr\/wp-json\/wp\/v2\/media?parent=510001"}],"wp:term":[{"taxonomy":"category","embeddable":true,"href":"https:\/\/www.europesays.com\/fr\/wp-json\/wp\/v2\/categories?post=510001"},{"taxonomy":"post_tag","embeddable":true,"href":"https:\/\/www.europesays.com\/fr\/wp-json\/wp\/v2\/tags?post=510001"}],"curies":[{"name":"wp","href":"https:\/\/api.w.org\/{rel}","templated":true}]}}