{"id":510005,"date":"2025-11-04T00:50:18","date_gmt":"2025-11-04T00:50:18","guid":{"rendered":"https:\/\/www.europesays.com\/fr\/510005\/"},"modified":"2025-11-04T00:50:18","modified_gmt":"2025-11-04T00:50:18","slug":"le-rn-lance-une-opa-a-droite-dans-les-9e-et-10e-arrondissements","status":"publish","type":"post","link":"https:\/\/www.europesays.com\/fr\/510005\/","title":{"rendered":"le RN lance une OPA \u00e0 droite dans les 9e et 10e arrondissements"},"content":{"rendered":"<p>\u00c0 cinq mois des municipales, le RN poursuit sa strat\u00e9gie de vampirisation \u00e0 droite. Ce lundi 3\u00a0novembre, le parti \u00e0 la flamme a annonc\u00e9 la constitution d\u2019un groupe Rassemblement marseillais (RN-UDR) au sein du conseil d\u2019arrondissement des 9e et 10e arrondissements. Le RN ne comptait plus depuis\u00a02021 et la dissolution de son groupe (Gabriel Bendayan, Domenica Lavarese et Richard Dubreuil avaient alors rejoint Reconqu\u00eate, NDLR) qu\u2019une seule \u00e9lue, \u00c9l\u00e9onore Bez.<\/p>\n<p>Enhardis par le retrait de la vie politique de l\u2019ex-maire et ex-d\u00e9put\u00e9 (Renaissance) <a href=\"https:\/\/www.laprovence.com\/article\/politique\/7294640597635914\/exclusif-municipales-2026-a-marseille-lionel-royer-perreaut-quitte-la-vie-publique-et-ne-soutiendra-pas-martine-vassal\" target=\"_blank\" rel=\"noopener\">Lionel Royer-Perreaut<\/a> qui jusqu\u2019\u00e0 cet automne supervisait la politique locale, <a href=\"https:\/\/www.laprovence.com\/article\/elections\/2759290731283114\/municipales-2026-a-marseille-le-rn-recrute-blaise-rosato-1er-adjoint-des-9e-10e-arrondissements\" target=\"_blank\" rel=\"noopener\">Blaise Rosato<\/a>, 1er adjoint de l\u2019actuelle maire <a href=\"https:\/\/www.laprovence.com\/article\/region\/3390192835913615\/pour-2025-la-maire-des-9e-10e-a-marseille-aimerait-que-les-travaux-du-boulevard-urbain-sud-commencent\" target=\"_blank\" rel=\"noopener\">Anne-Marie d\u2019Estienne d&rsquo;Orves<\/a> et ex-r\u00e9f\u00e9rent Horizons des 9e-10e, <a href=\"https:\/\/www.laprovence.com\/article\/politique\/50294164480224\/rallie-a-l-udr-patrick-pappalardo-defend-un-choix-de-conviction-a-six-mois-des-municipales-a-marseille\" target=\"_blank\" rel=\"noopener\">Patrick Pappalardo<\/a>, conseiller d\u2019arrondissement et conseiller m\u00e9tropolitain (ex LR) proche de Guy Teissier, <a href=\"https:\/\/www.laprovence.com\/article\/region\/2449338382597114\/metropole-aix-marseille-le-rn-recrute-encore-chez-martine-vassal\" target=\"_blank\" rel=\"noopener\">Sophie Arrighi<\/a>, conseiller d\u2019arrondissement et conseiller m\u00e9tropolitain, membre depuis un an du groupe d\u2019\u00e9lus d\u2019extr\u00eame droite RPR et ind\u00e9pendants \u00e0 la M\u00e9tropole et <a href=\"https:\/\/www.laprovence.com\/article\/politique\/1409514371522615\/marseille-confidentiels-rallie-a-ludr-guil-darmon-perd-ses-fonctions-dadjoint-a-la-maire-des-9e-10e\" target=\"_blank\" rel=\"noopener\">Guil Darmon<\/a>, candidat LREM aux l\u00e9gislatives de\u00a02017 face \u00e0 Guy Teissier (LR) et colistier de Lionel Royer-Perreaut (LR \u00e0 l\u2019\u00e9poque) aux municipales de\u00a02020, rejoignent la conseill\u00e8re d\u2019arro&#8230;<\/p>\n","protected":false},"excerpt":{"rendered":"\u00c0 cinq mois des municipales, le RN poursuit sa strat\u00e9gie de vampirisation \u00e0 droite. Ce lundi 3\u00a0novembre, le&hellip;\n","protected":false},"author":2,"featured_media":510006,"comment_status":"","ping_status":"","sticky":false,"template":"","format":"standard","meta":{"footnotes":""},"categories":[2814],"tags":[17,5734,1111,11,6592,1777,674,1011,27,9447,884,3554,12,63150,882,16,25,96],"class_list":{"0":"post-510005","1":"post","2":"type-post","3":"status-publish","4":"format-standard","5":"has-post-thumbnail","7":"category-marseille","8":"tag-17","9":"tag-5734","10":"tag-actu","11":"tag-actualites","12":"tag-droite","13":"tag-eu","14":"tag-europe","15":"tag-fr","16":"tag-france","17":"tag-lance","18":"tag-marseille","19":"tag-municipales","20":"tag-news","21":"tag-opa","22":"tag-provence-alpes-cote-dazur","23":"tag-region","24":"tag-republique-francaise","25":"tag-une"},"share_on_mastodon":{"url":"https:\/\/pubeurope.com\/@fr\/115488687712191798","error":""},"_links":{"self":[{"href":"https:\/\/www.europesays.com\/fr\/wp-json\/wp\/v2\/posts\/510005","targetHints":{"allow":["GET"]}}],"collection":[{"href":"https:\/\/www.europesays.com\/fr\/wp-json\/wp\/v2\/posts"}],"about":[{"href":"https:\/\/www.europesays.com\/fr\/wp-json\/wp\/v2\/types\/post"}],"author":[{"embeddable":true,"href":"https:\/\/www.europesays.com\/fr\/wp-json\/wp\/v2\/users\/2"}],"replies":[{"embeddable":true,"href":"https:\/\/www.europesays.com\/fr\/wp-json\/wp\/v2\/comments?post=510005"}],"version-history":[{"count":0,"href":"https:\/\/www.europesays.com\/fr\/wp-json\/wp\/v2\/posts\/510005\/revisions"}],"wp:featuredmedia":[{"embeddable":true,"href":"https:\/\/www.europesays.com\/fr\/wp-json\/wp\/v2\/media\/510006"}],"wp:attachment":[{"href":"https:\/\/www.europesays.com\/fr\/wp-json\/wp\/v2\/media?parent=510005"}],"wp:term":[{"taxonomy":"category","embeddable":true,"href":"https:\/\/www.europesays.com\/fr\/wp-json\/wp\/v2\/categories?post=510005"},{"taxonomy":"post_tag","embeddable":true,"href":"https:\/\/www.europesays.com\/fr\/wp-json\/wp\/v2\/tags?post=510005"}],"curies":[{"name":"wp","href":"https:\/\/api.w.org\/{rel}","templated":true}]}}