{"id":510007,"date":"2025-11-04T00:51:22","date_gmt":"2025-11-04T00:51:22","guid":{"rendered":"https:\/\/www.europesays.com\/fr\/510007\/"},"modified":"2025-11-04T00:51:22","modified_gmt":"2025-11-04T00:51:22","slug":"a-marseille-le-ministre-des-transports-acte-18-milliard-pour-la-region","status":"publish","type":"post","link":"https:\/\/www.europesays.com\/fr\/510007\/","title":{"rendered":"\u00e0 Marseille, le ministre des Transports acte 1,8 milliard pour la r\u00e9gion"},"content":{"rendered":"<p>Sous les ors du salon de la Paix, \u00e0 la pr\u00e9fecture de r\u00e9gion Provence-Alpes-C\u00f4te d&rsquo;Azur, le moment est solennel, ce lundi 3\u00a0novembre. D\u2019un coup de stylo, \u00c9tat, ministre des Transports Philippe Tabarot et collectivit\u00e9s locales ratifient le volet mobilit\u00e9s du contrat de plan \u00c9tat-R\u00e9gion (CPER), qui va permettre la \u00ab\u00a0mise en \u0153uvre de projets structurants\u00a0\u00bb pour les transports proven\u00e7aux, d\u2019ici \u00e0\u00a02027. Ultime \u00e9tape \u00ab\u00a0d\u2019ann\u00e9es de travail\u00a0\u00bb, souligne le pr\u00e9fet Georges-Fran\u00e7ois Leclerc, <a href=\"https:\/\/www.laprovence.com\/article\/politique\/34237758463562\/nomme-directeur-de-cabinet-demmanuel-macron-le-prefet-georges-francois-leclerc-sur-le-point-de-quitter-son-poste\" target=\"_blank\" rel=\"noopener\">quelques heures avant son pot de d\u00e9part<\/a>.<\/p>\n<p>Comme <a href=\"https:\/\/www.laprovence.com\/article\/politique\/9075392972907714\/exclusif-1-8-milliard-signe-lundi-a-marseille-l-etat-plus-genereux-que-prevu-pour-les-transports-provencaux\" target=\"_blank\" rel=\"noopener\">r\u00e9v\u00e9l\u00e9 par La Provence<\/a>, cet avenant est particuli\u00e8rement important puisqu\u2019il va mobiliser, dans les ann\u00e9es \u00e0 venir, 1,8\u00a0milliard de financements, contre 1,5 pr\u00e9vus initialement. Ces investissements vont \u00eatre fl\u00e9ch\u00e9s vers des projets d\u2019ampleur, dont 1,1\u00a0milliard de l\u2019\u00c9tat et de la R\u00e9gion, et 747\u00a0millions d\u2019autres financeurs, comme des acteurs priv\u00e9s.<\/p>\n<p>\u00ab\u00a0C\u2019est une nouvelle \u00e9tape importante pour les transports de notre r\u00e9gion, qui va am\u00e9liorer concr\u00e8tement la vie de nos concitoyens, a lanc\u00e9 <a href=\"https:\/\/www.laprovence.com\/article\/region\/613264952927114\/nouveau-gouvernement-philippe-tabarot-un-cannois-ancien-vice-president-de-la-region-aux-commandes-des-transports\" target=\"_blank\" rel=\"noopener\">le ministre des Transports, Philippe Tabarot<\/a>, tout sourire. C\u2019est l\u2019aboutissement d\u2019un dialogue exigeant entre l\u2019\u00c9tat, la R\u00e9gion, les collectivit\u00e9s locales et les acteurs \u00e9conomiques, &#8230;<\/p>\n","protected":false},"excerpt":{"rendered":"Sous les ors du salon de la Paix, \u00e0 la pr\u00e9fecture de r\u00e9gion Provence-Alpes-C\u00f4te d&rsquo;Azur, le moment est&hellip;\n","protected":false},"author":2,"featured_media":510008,"comment_status":"","ping_status":"","sticky":false,"template":"","format":"standard","meta":{"footnotes":""},"categories":[2814],"tags":[17,1111,11,154,3708,1777,674,1011,27,11632,3237,884,3784,12,316,882,25],"class_list":{"0":"post-510007","1":"post","2":"type-post","3":"status-publish","4":"format-standard","5":"has-post-thumbnail","7":"category-marseille","8":"tag-17","9":"tag-actu","10":"tag-actualites","11":"tag-des","12":"tag-effet","13":"tag-eu","14":"tag-europe","15":"tag-fr","16":"tag-france","17":"tag-heritage","18":"tag-jo","19":"tag-marseille","20":"tag-ministre","21":"tag-news","22":"tag-politique","23":"tag-provence-alpes-cote-dazur","24":"tag-republique-francaise"},"share_on_mastodon":{"url":"https:\/\/pubeurope.com\/@fr\/115488691648156765","error":""},"_links":{"self":[{"href":"https:\/\/www.europesays.com\/fr\/wp-json\/wp\/v2\/posts\/510007","targetHints":{"allow":["GET"]}}],"collection":[{"href":"https:\/\/www.europesays.com\/fr\/wp-json\/wp\/v2\/posts"}],"about":[{"href":"https:\/\/www.europesays.com\/fr\/wp-json\/wp\/v2\/types\/post"}],"author":[{"embeddable":true,"href":"https:\/\/www.europesays.com\/fr\/wp-json\/wp\/v2\/users\/2"}],"replies":[{"embeddable":true,"href":"https:\/\/www.europesays.com\/fr\/wp-json\/wp\/v2\/comments?post=510007"}],"version-history":[{"count":0,"href":"https:\/\/www.europesays.com\/fr\/wp-json\/wp\/v2\/posts\/510007\/revisions"}],"wp:featuredmedia":[{"embeddable":true,"href":"https:\/\/www.europesays.com\/fr\/wp-json\/wp\/v2\/media\/510008"}],"wp:attachment":[{"href":"https:\/\/www.europesays.com\/fr\/wp-json\/wp\/v2\/media?parent=510007"}],"wp:term":[{"taxonomy":"category","embeddable":true,"href":"https:\/\/www.europesays.com\/fr\/wp-json\/wp\/v2\/categories?post=510007"},{"taxonomy":"post_tag","embeddable":true,"href":"https:\/\/www.europesays.com\/fr\/wp-json\/wp\/v2\/tags?post=510007"}],"curies":[{"name":"wp","href":"https:\/\/api.w.org\/{rel}","templated":true}]}}