{"id":510011,"date":"2025-11-04T00:53:12","date_gmt":"2025-11-04T00:53:12","guid":{"rendered":"https:\/\/www.europesays.com\/fr\/510011\/"},"modified":"2025-11-04T00:53:12","modified_gmt":"2025-11-04T00:53:12","slug":"cecile-bourgeat-a-la-direction-generale-de-la-biennale-de-lyon","status":"publish","type":"post","link":"https:\/\/www.europesays.com\/fr\/510011\/","title":{"rendered":"C\u00e9cile Bourgeat \u00e0 la direction g\u00e9n\u00e9rale de la Biennale de Lyon"},"content":{"rendered":"<p>Le conseil d\u2019administration de la Biennale de Lyon (qui encadre deux manifestations, la Biennale d\u2019art contemporain et la Biennale de la danse) pr\u00e9sid\u00e9 par Laurent Bayle, a choisi C\u00e9cile Bourgeat pour succ\u00e9der \u00e0 Sabine Longin \u00e0 la direction g\u00e9n\u00e9rale de l&rsquo;association. Cette derni\u00e8re avait d\u00e9missionn\u00e9 en juillet dernier, un an apr\u00e8s sa prise de poste. C\u00e9cile Bourgeat \u00e9volue\u2026<\/p>\n","protected":false},"excerpt":{"rendered":"Le conseil d\u2019administration de la Biennale de Lyon (qui encadre deux manifestations, la Biennale d\u2019art contemporain et la&hellip;\n","protected":false},"author":2,"featured_media":510012,"comment_status":"","ping_status":"","sticky":false,"template":"","format":"standard","meta":{"footnotes":""},"categories":[1889],"tags":[1111,11,1396,2430,63152,63151,63153,1777,674,1011,27,2428,12,9350,25],"class_list":{"0":"post-510011","1":"post","2":"type-post","3":"status-publish","4":"format-standard","5":"has-post-thumbnail","7":"category-lyon","8":"tag-actu","9":"tag-actualites","10":"tag-art-contemporain","11":"tag-auvergne-rhone-alpes","12":"tag-biennale-de-lyon","13":"tag-biennales","14":"tag-cecile-bourgeat","15":"tag-eu","16":"tag-europe","17":"tag-fr","18":"tag-france","19":"tag-lyon","20":"tag-news","21":"tag-nominations","22":"tag-republique-francaise"},"share_on_mastodon":{"url":"https:\/\/pubeurope.com\/@fr\/115488699397245818","error":""},"_links":{"self":[{"href":"https:\/\/www.europesays.com\/fr\/wp-json\/wp\/v2\/posts\/510011","targetHints":{"allow":["GET"]}}],"collection":[{"href":"https:\/\/www.europesays.com\/fr\/wp-json\/wp\/v2\/posts"}],"about":[{"href":"https:\/\/www.europesays.com\/fr\/wp-json\/wp\/v2\/types\/post"}],"author":[{"embeddable":true,"href":"https:\/\/www.europesays.com\/fr\/wp-json\/wp\/v2\/users\/2"}],"replies":[{"embeddable":true,"href":"https:\/\/www.europesays.com\/fr\/wp-json\/wp\/v2\/comments?post=510011"}],"version-history":[{"count":0,"href":"https:\/\/www.europesays.com\/fr\/wp-json\/wp\/v2\/posts\/510011\/revisions"}],"wp:featuredmedia":[{"embeddable":true,"href":"https:\/\/www.europesays.com\/fr\/wp-json\/wp\/v2\/media\/510012"}],"wp:attachment":[{"href":"https:\/\/www.europesays.com\/fr\/wp-json\/wp\/v2\/media?parent=510011"}],"wp:term":[{"taxonomy":"category","embeddable":true,"href":"https:\/\/www.europesays.com\/fr\/wp-json\/wp\/v2\/categories?post=510011"},{"taxonomy":"post_tag","embeddable":true,"href":"https:\/\/www.europesays.com\/fr\/wp-json\/wp\/v2\/tags?post=510011"}],"curies":[{"name":"wp","href":"https:\/\/api.w.org\/{rel}","templated":true}]}}