{"id":510017,"date":"2025-11-04T00:59:12","date_gmt":"2025-11-04T00:59:12","guid":{"rendered":"https:\/\/www.europesays.com\/fr\/510017\/"},"modified":"2025-11-04T00:59:12","modified_gmt":"2025-11-04T00:59:12","slug":"un-toulousain-et-un-parisien-convoques-par-lespagne","status":"publish","type":"post","link":"https:\/\/www.europesays.com\/fr\/510017\/","title":{"rendered":"un Toulousain et un Parisien convoqu\u00e9s par l\u2019Espagne"},"content":{"rendered":"<p>\n    La s\u00e9lection ib\u00e9rique, qualifi\u00e9e pour la Coupe du monde 2027, a convoqu\u00e9 deux joueurs du Top 14.<\/p>\n<p class=\"fig-paragraph\">Un habitu\u00e9 et une premi\u00e8re. Le pilier du Stade Toulousain Joel Merkler et\u00a0<a href=\"http:\/\/www.lefigaro.fr\/sports\/rugby\/top-14\/toulouse-stade-francais-gourgues-et-willis-eclatants-l-indiscipline-coupable-des-parisiens-les-tops-et-flops-20251101\" data-fig-type=\"NewsFlash\" data-gtm-custom-categorie=\"navigation\" data-gtm-custom-action=\"crossclick\" data-gtm-custom-label=\"Contextuel\" data-gtm-event=\"customEventSPE\" data-fig-domain=\"LEFIGARO\" target=\"_blank\" rel=\"noopener\">l\u2019ailier-centre du Stade Fran\u00e7ais Paris Samuel Ezeala<\/a>\u00a0ont \u00e9t\u00e9 convoqu\u00e9s par la F\u00e9d\u00e9ration espagnole de rugby pour affronter l\u2019Angleterre A, le 15 novembre, \u00e0 Valladolid.<\/p>\n<p class=\"fig-paragraph\">R\u00e9guli\u00e8rement titulaire dans les rangs des Soldats roses depuis le d\u00e9but de la saison, Ezeala, 25 ans, va d\u00e9couvrir la s\u00e9lection espagnole. S\u2019il a d\u00e9j\u00e0 port\u00e9 le maillot de l\u2019Espagne chez les jeunes il avait \u00e9galement \u00e9t\u00e9 convoqu\u00e9 \u00e0 Marcoussis pour un stage avec le XV de France. Sans lendemain.<\/p>\n<p>                                    <a class=\"fig-a11y-skip a11y-hidden\" href=\"#fig-a11y-skip-main-inarticle\"><br \/>\n        Passer la publicit\u00e9<br \/>\n    <\/a><\/p>\n<p class=\"fig-paragraph\">L\u2019ancien joueur de Clermont, n\u00e9 \u00e0 Barcelone d\u2019une m\u00e8re nig\u00e9riane, a \u00e9t\u00e9 adopt\u00e9 par une famille espagnole. Il peut donc esp\u00e9rer disputer la prochaine Coupe du Monde, en 2027 en Australie, l\u2019Espagne \u00e9tant qualifi\u00e9e.<\/p>\n","protected":false},"excerpt":{"rendered":"La s\u00e9lection ib\u00e9rique, qualifi\u00e9e pour la Coupe du monde 2027, a convoqu\u00e9 deux joueurs du Top 14. Un&hellip;\n","protected":false},"author":2,"featured_media":510018,"comment_status":"","ping_status":"","sticky":false,"template":"","format":"standard","meta":{"footnotes":""},"categories":[1888],"tags":[1111,1928,11,1927,39070,123,1777,674,1011,27,12,1926,626,1925,25,2558,476],"class_list":{"0":"post-510017","1":"post","2":"type-post","3":"status-publish","4":"format-standard","5":"has-post-thumbnail","7":"category-paris","8":"tag-actu","9":"tag-actu-paris","10":"tag-actualites","11":"tag-actualites-paris","12":"tag-coupe-du-monde-de-rugby","13":"tag-espagne","14":"tag-eu","15":"tag-europe","16":"tag-fr","17":"tag-france","18":"tag-news","19":"tag-news-paris","20":"tag-paris","21":"tag-paris-news","22":"tag-republique-francaise","23":"tag-stade-francais","24":"tag-stade-toulousain"},"share_on_mastodon":{"url":"https:\/\/pubeurope.com\/@fr\/115488723103027204","error":""},"_links":{"self":[{"href":"https:\/\/www.europesays.com\/fr\/wp-json\/wp\/v2\/posts\/510017","targetHints":{"allow":["GET"]}}],"collection":[{"href":"https:\/\/www.europesays.com\/fr\/wp-json\/wp\/v2\/posts"}],"about":[{"href":"https:\/\/www.europesays.com\/fr\/wp-json\/wp\/v2\/types\/post"}],"author":[{"embeddable":true,"href":"https:\/\/www.europesays.com\/fr\/wp-json\/wp\/v2\/users\/2"}],"replies":[{"embeddable":true,"href":"https:\/\/www.europesays.com\/fr\/wp-json\/wp\/v2\/comments?post=510017"}],"version-history":[{"count":0,"href":"https:\/\/www.europesays.com\/fr\/wp-json\/wp\/v2\/posts\/510017\/revisions"}],"wp:featuredmedia":[{"embeddable":true,"href":"https:\/\/www.europesays.com\/fr\/wp-json\/wp\/v2\/media\/510018"}],"wp:attachment":[{"href":"https:\/\/www.europesays.com\/fr\/wp-json\/wp\/v2\/media?parent=510017"}],"wp:term":[{"taxonomy":"category","embeddable":true,"href":"https:\/\/www.europesays.com\/fr\/wp-json\/wp\/v2\/categories?post=510017"},{"taxonomy":"post_tag","embeddable":true,"href":"https:\/\/www.europesays.com\/fr\/wp-json\/wp\/v2\/tags?post=510017"}],"curies":[{"name":"wp","href":"https:\/\/api.w.org\/{rel}","templated":true}]}}