{"id":510026,"date":"2025-11-04T01:03:21","date_gmt":"2025-11-04T01:03:21","guid":{"rendered":"https:\/\/www.europesays.com\/fr\/510026\/"},"modified":"2025-11-04T01:03:21","modified_gmt":"2025-11-04T01:03:21","slug":"lukraine-recoit-dautres-systemes-de-defense-aerienne-pour-contrer-la-russie","status":"publish","type":"post","link":"https:\/\/www.europesays.com\/fr\/510026\/","title":{"rendered":"L&rsquo;Ukraine re\u00e7oit d&rsquo;autres syst\u00e8mes de d\u00e9fense a\u00e9rienne pour contrer la Russie"},"content":{"rendered":"<p class=\"mb-4 text-lg md:leading-8 break-words\">L&rsquo;Ukraine a re\u00e7u de nouveaux syst\u00e8mes de d\u00e9fense a\u00e9rienne Patriot de fabrication am\u00e9ricaine pour l&rsquo;aider \u00e0 contrer les bombardements quotidiens de la Russie, a annonc\u00e9 le pr\u00e9sident Volodymyr Zelensky, alors que des drones russes ont tu\u00e9 un homme et bless\u00e9 cinq membres de sa famille, dont deux enfants, lors de la derni\u00e8re attaque nocturne.<\/p>\n<p class=\"mb-4 text-lg md:leading-8 break-words\">Les bombardements incessants men\u00e9s par la Russie sur les zones urbaines situ\u00e9es \u00e0 l&rsquo;arri\u00e8re de la ligne de front, \u00e0 la suite de son invasion \u00e0 grande \u00e9chelle de l&rsquo;Ukraine il y a pr\u00e8s de quatre ans, ont fait des milliers de victimes civiles.<\/p>\n<p class=\"mb-4 text-lg md:leading-8 break-words\">La Russie a \u00e9galement cibl\u00e9 l&rsquo;approvisionnement en \u00e9nergie pour priver les civils de chauffage et d&rsquo;eau courante en hiver, et pour perturber la production industrielle des drones et missiles r\u00e9cemment d\u00e9velopp\u00e9s par l&rsquo;Ukraine.<\/p>\n<p class=\"mb-4 text-lg md:leading-8 break-words\">Les syst\u00e8mes Patriot sophistiqu\u00e9s constituent l&rsquo;arme la plus efficace contre les missiles russes. M. Zelensky a exhort\u00e9 ses partenaires occidentaux \u00e0 en fournir davantage, mais les limitations de production et la n\u00e9cessit\u00e9 de maintenir les stocks ont ralenti leur livraison.<\/p>\n<p class=\"mb-4 text-lg md:leading-8 break-words\">\u00abDavantage de syst\u00e8mes Patriot sont d\u00e9sormais en Ukraine et sont mis en service\u00bb, a \u00e9crit le pr\u00e9sident ukrainien sur les r\u00e9seaux sociaux dimanche soir. \u00abBien s\u00fbr, davantage de syst\u00e8mes sont n\u00e9cessaires pour prot\u00e9ger les infrastructures strat\u00e9giques et nos villes sur l&rsquo;ensemble du territoire de notre \u00c9tat.\u00bb<\/p>\n<p class=\"mb-4 text-lg md:leading-8 break-words\">Il a remerci\u00e9 l&rsquo;Allemagne et son chancelier, Friedrich Merz, pour les syst\u00e8mes Patriot. L&rsquo;Allemagne avait annonc\u00e9 il y a trois mois la livraison de deux syst\u00e8mes de d\u00e9fense a\u00e9rienne Patriot suppl\u00e9mentaires \u00e0 l&rsquo;Ukraine. Elle avait accept\u00e9 cette mesure apr\u00e8s avoir obtenu l&rsquo;assurance que les \u00c9tats-Unis donneraient la priorit\u00e9 \u00e0 la livraison de nouveaux syst\u00e8mes Patriot \u00e0 l&rsquo;Allemagne afin de reconstituer ses stocks. Les syst\u00e8mes Patriot sont fabriqu\u00e9s exclusivement aux \u00c9tats-Unis.<\/p>\n<p class=\"mb-4 text-lg md:leading-8 break-words\">L&rsquo;Allemagne a fourni \u00e0 l&rsquo;Ukraine plus de syst\u00e8mes Patriot issus de ses propres forces arm\u00e9es que tout autre pays, a soutenu lundi le minist\u00e8re allemand de la D\u00e9fense. L&rsquo;Allemagne a \u00e9galement fourni des syst\u00e8mes de d\u00e9fense a\u00e9rienne de diff\u00e9rentes port\u00e9es, tels que l&rsquo;IRIS-T et le Skynex, selon un communiqu\u00e9.<\/p>\n<p class=\"mb-4 text-lg md:leading-8 break-words\">L&rsquo;Organisation du Trait\u00e9 de l&rsquo;Atlantique Nord (OTAN) coordonne des livraisons r\u00e9guli\u00e8res d&rsquo;importants lots d&rsquo;armements \u00e0 l&rsquo;Ukraine. Les alli\u00e9s europ\u00e9ens et le Canada ach\u00e8tent une grande partie de cet \u00e9quipement aux \u00c9tats-Unis, qui disposent de stocks plus importants de mat\u00e9riel militaire op\u00e9rationnel, ainsi que d&rsquo;armements plus performants.<\/p>\n<p class=\"mb-4 text-lg md:leading-8 break-words\">Contrairement \u00e0 la pr\u00e9c\u00e9dente administration, sous l&rsquo;\u00e9gide de Joe Biden, l&rsquo;administration Trump ne fournit aucune arme \u00e0 l&rsquo;Ukraine.<\/p>\n<p class=\"mb-4 text-lg md:leading-8 break-words\">La Russie a lanc\u00e9 12 missiles de diff\u00e9rents types et 138 drones d&rsquo;attaque et de leurre sur l&rsquo;Ukraine dans la nuit de dimanche \u00e0 lundi, a annonc\u00e9 l&rsquo;arm\u00e9e de l&rsquo;air ukrainienne. Certaines nuits, elle a tir\u00e9 plusieurs centaines de drones et de missiles sur le pays.<\/p>\n<p class=\"mb-4 text-lg md:leading-8 break-words\">Dans la r\u00e9gion de Soumy, au nord-est de l&rsquo;Ukraine, des drones russes ont frapp\u00e9 une maison, tuant un homme et blessant cinq membres de sa famille, ont indiqu\u00e9 les autorit\u00e9s. Deux femmes ont \u00e9galement \u00e9t\u00e9 bless\u00e9es lors d&rsquo;une autre attaque \u00e0 Soumy.<\/p>\n<p class=\"mb-4 text-lg md:leading-8 break-words\">\u00abLes Russes ont cyniquement cibl\u00e9 des personnes \u2013 d\u00e9lib\u00e9r\u00e9ment, de nuit, pendant leur sommeil\u00bb, a \u00e9crit Oleh Hryhorov, responsable r\u00e9gional, sur Telegram en r\u00e9action \u00e0 ces attaques.<\/p>\n<p class=\"mb-4 text-lg md:leading-8 break-words\">Des missiles russes ont provoqu\u00e9 un incendie dans une entreprise de la r\u00e9gion de Dnipro, dans le centre du pays, blessant un homme, a d\u00e9clar\u00e9 Vladyslav Haivanenko, \u00e9galement responsable r\u00e9gional.<\/p>\n<p class=\"mb-4 text-lg md:leading-8 break-words\">Des drones russes ont \u00e9galement frapp\u00e9 des infrastructures \u00e9nerg\u00e9tiques dans la r\u00e9gion de Mykola\u00efv, au sud du pays.<\/p>\n<p class=\"mb-4 text-lg md:leading-8 break-words\">Parall\u00e8lement, l&rsquo;Ukraine s&rsquo;efforce de limiter l&rsquo;influence de l&rsquo;industrie p\u00e9troli\u00e8re russe, pilier de son \u00e9conomie. Les forces ukrainiennes ont men\u00e9 une attaque contre la raffinerie de p\u00e9trole russe de Saratov dans la nuit de vendredi \u00e0 samedi, provoquant un incendie, selon l&rsquo;\u00e9tat-major ukrainien. Il s&rsquo;agit de la quatri\u00e8me attaque ukrainienne contre cette installation en pr\u00e8s de sept semaines.<\/p>\n<p class=\"mb-4 text-lg md:leading-8 break-words\">La raffinerie, situ\u00e9e \u00e0 environ 500 kilom\u00e8tres de la fronti\u00e8re ukrainienne, a une capacit\u00e9 de traitement de plusieurs millions de tonnes de p\u00e9trole par an.<\/p>\n<p class=\"mb-4 text-lg md:leading-8 break-words\">La semaine derni\u00e8re, le pr\u00e9sident Zelensky a affirm\u00e9 que les frappes \u00e0 longue port\u00e9e contre les raffineries russes avaient r\u00e9duit la capacit\u00e9 de raffinage de Moscou de 20 %.<\/p>\n<p class=\"mb-4 text-lg md:leading-8 break-words\">___<\/p>\n<p class=\"mb-4 text-lg md:leading-8 break-words\">Stefanie Dazio, \u00e0 Berlin, a contribu\u00e9 \u00e0 cette d\u00e9p\u00eache.<\/p>\n<p class=\"mb-4 text-lg md:leading-8 break-words\">Illia Novikov, The Associated Press<\/p>\n","protected":false},"excerpt":{"rendered":"L&rsquo;Ukraine a re\u00e7u de nouveaux syst\u00e8mes de d\u00e9fense a\u00e9rienne Patriot de fabrication am\u00e9ricaine pour l&rsquo;aider \u00e0 contrer les&hellip;\n","protected":false},"author":2,"featured_media":510027,"comment_status":"","ping_status":"","sticky":false,"template":"","format":"standard","meta":{"footnotes":""},"categories":[1590],"tags":[11,1777,674,5493,2489,24666,12,17917,220],"class_list":{"0":"post-510026","1":"post","2":"type-post","3":"status-publish","4":"format-standard","5":"has-post-thumbnail","7":"category-ukraine","8":"tag-actualites","9":"tag-eu","10":"tag-europe","11":"tag-lukraine","12":"tag-la-russie","13":"tag-missiles-russes","14":"tag-news","15":"tag-systemes-de-defense","16":"tag-ukraine"},"share_on_mastodon":{"url":"https:\/\/pubeurope.com\/@fr\/115488738743367933","error":""},"_links":{"self":[{"href":"https:\/\/www.europesays.com\/fr\/wp-json\/wp\/v2\/posts\/510026","targetHints":{"allow":["GET"]}}],"collection":[{"href":"https:\/\/www.europesays.com\/fr\/wp-json\/wp\/v2\/posts"}],"about":[{"href":"https:\/\/www.europesays.com\/fr\/wp-json\/wp\/v2\/types\/post"}],"author":[{"embeddable":true,"href":"https:\/\/www.europesays.com\/fr\/wp-json\/wp\/v2\/users\/2"}],"replies":[{"embeddable":true,"href":"https:\/\/www.europesays.com\/fr\/wp-json\/wp\/v2\/comments?post=510026"}],"version-history":[{"count":0,"href":"https:\/\/www.europesays.com\/fr\/wp-json\/wp\/v2\/posts\/510026\/revisions"}],"wp:featuredmedia":[{"embeddable":true,"href":"https:\/\/www.europesays.com\/fr\/wp-json\/wp\/v2\/media\/510027"}],"wp:attachment":[{"href":"https:\/\/www.europesays.com\/fr\/wp-json\/wp\/v2\/media?parent=510026"}],"wp:term":[{"taxonomy":"category","embeddable":true,"href":"https:\/\/www.europesays.com\/fr\/wp-json\/wp\/v2\/categories?post=510026"},{"taxonomy":"post_tag","embeddable":true,"href":"https:\/\/www.europesays.com\/fr\/wp-json\/wp\/v2\/tags?post=510026"}],"curies":[{"name":"wp","href":"https:\/\/api.w.org\/{rel}","templated":true}]}}