{"id":510028,"date":"2025-11-04T01:04:17","date_gmt":"2025-11-04T01:04:17","guid":{"rendered":"https:\/\/www.europesays.com\/fr\/510028\/"},"modified":"2025-11-04T01:04:17","modified_gmt":"2025-11-04T01:04:17","slug":"douanes-sous-haute-surveillance-usa-les-ponts-du-rio-grande","status":"publish","type":"post","link":"https:\/\/www.europesays.com\/fr\/510028\/","title":{"rendered":"Douanes sous haute surveillance USA : les ponts du Rio Grande"},"content":{"rendered":"<p>\n\tR\u00e9sum\u00e9Le Rio Grande, fronti\u00e8re entre \u00c9tats-Unis et Mexique, est le th\u00e9\u00e2tre d&rsquo;\u00e9changes l\u00e9gaux et d&rsquo;activit\u00e9s illicites. Des agents sp\u00e9cialis\u00e9s y assurent une mission complexe : faciliter le commerce tout en luttant contre contrebande et immigration clandestine. Leur travail quotidien illustre les d\u00e9fis s\u00e9curitaires et \u00e9conomiques de cette zone strat\u00e9gique, r\u00e9v\u00e9lant les enjeux cruciaux pour les deux pays.<\/p>\n","protected":false},"excerpt":{"rendered":"R\u00e9sum\u00e9Le Rio Grande, fronti\u00e8re entre \u00c9tats-Unis et Mexique, est le th\u00e9\u00e2tre d&rsquo;\u00e9changes l\u00e9gaux et d&rsquo;activit\u00e9s illicites. Des agents&hellip;\n","protected":false},"author":2,"featured_media":510029,"comment_status":"","ping_status":"","sticky":false,"template":"","format":"standard","meta":{"footnotes":""},"categories":[1589],"tags":[11,73,1866,12,1864,1865,1863,308],"class_list":{"0":"post-510028","1":"post","2":"type-post","3":"status-publish","4":"format-standard","5":"has-post-thumbnail","7":"category-etats-unis","8":"tag-actualites","9":"tag-etats-unis","10":"tag-etats-unis-damerique","11":"tag-news","12":"tag-united-states","13":"tag-united-states-of-america","14":"tag-us","15":"tag-usa"},"share_on_mastodon":{"url":"https:\/\/pubeurope.com\/@fr\/115488742816557759","error":""},"_links":{"self":[{"href":"https:\/\/www.europesays.com\/fr\/wp-json\/wp\/v2\/posts\/510028","targetHints":{"allow":["GET"]}}],"collection":[{"href":"https:\/\/www.europesays.com\/fr\/wp-json\/wp\/v2\/posts"}],"about":[{"href":"https:\/\/www.europesays.com\/fr\/wp-json\/wp\/v2\/types\/post"}],"author":[{"embeddable":true,"href":"https:\/\/www.europesays.com\/fr\/wp-json\/wp\/v2\/users\/2"}],"replies":[{"embeddable":true,"href":"https:\/\/www.europesays.com\/fr\/wp-json\/wp\/v2\/comments?post=510028"}],"version-history":[{"count":0,"href":"https:\/\/www.europesays.com\/fr\/wp-json\/wp\/v2\/posts\/510028\/revisions"}],"wp:featuredmedia":[{"embeddable":true,"href":"https:\/\/www.europesays.com\/fr\/wp-json\/wp\/v2\/media\/510029"}],"wp:attachment":[{"href":"https:\/\/www.europesays.com\/fr\/wp-json\/wp\/v2\/media?parent=510028"}],"wp:term":[{"taxonomy":"category","embeddable":true,"href":"https:\/\/www.europesays.com\/fr\/wp-json\/wp\/v2\/categories?post=510028"},{"taxonomy":"post_tag","embeddable":true,"href":"https:\/\/www.europesays.com\/fr\/wp-json\/wp\/v2\/tags?post=510028"}],"curies":[{"name":"wp","href":"https:\/\/api.w.org\/{rel}","templated":true}]}}